{"id":21364,"date":"2023-01-09T13:09:55","date_gmt":"2023-01-09T11:09:55","guid":{"rendered":"https:\/\/www.finbandy.fi\/fi\/?p=21364"},"modified":"2023-01-09T13:09:59","modified_gmt":"2023-01-09T11:09:59","slug":"suomen-p17-ikaluokan-mm-joukkue-julkistettu","status":"publish","type":"post","link":"https:\/\/www.finbandy.fi\/fi\/suomen-p17-ikaluokan-mm-joukkue-julkistettu\/","title":{"rendered":"Suomen P17-ik\u00e4luokan MM-joukkue julkistettu"},"content":{"rendered":"<div id=\"wp_fb_like_button\" style=\"margin:5px 0;float:none;height:50px;\"><script src=\"http:\/\/connect.facebook.net\/en_US\/all.js#xfbml=1\"><\/script><fb:like href=\"https:\/\/www.finbandy.fi\/fi\/suomen-p17-ikaluokan-mm-joukkue-julkistettu\/\" send=\"true\" layout=\"button_count\" width=\"400\" show_faces=\"false\" font=\"arial\" action=\"like\" colorscheme=\"light\"><\/fb:like><\/div>\n\n\n<p>HELSINKI. Suomen P17-maajoukkueen valmentajat <strong>Martti Lousti<\/strong> ja <strong>Tommi Paajanen<\/strong> ovat valinneet kisaryhm\u00e4n ja kotiin j\u00e4\u00e4v\u00e4t varamiehet 20.-22.1.2023 pelattaviin P17-ik\u00e4luokan MM-kilpailuihin G\u00f6teborgissa.<\/p>\n<p>&#8211; T\u00e4ytyy sanoa, ett\u00e4 nyt oli ty\u00f6l\u00e4s ja vaikea valintaprosessi monestakin syyst\u00e4, sanoo Tommi Paajanen.<\/p>\n<p>MM-turnaus pelataan upouudessa Ruddalenin j\u00e4\u00e4pallohallissa. Turnaukseen osallistuvat Ruotsi, Norja ja Suomi ja j\u00e4rjestelyist\u00e4 vastaavat Ruotsin J\u00e4\u00e4palloliiton lis\u00e4ksi G\u00f6teborgin kaupunki sek\u00e4 paikallinen seura SK H\u00f6jden.<\/p>\n<p>Turnauksen lopullinen otteluohjelma julkaistaan l\u00e4hip\u00e4ivien aikana.<\/p>\n<p><strong>Suomen P17-maajoukkue G\u00f6teborgin MM-kisoihin.<\/strong><\/p>\n<p>Maalivahdit: Iivo Korhonen Kampparit, Severi Rantanen Naruker\u00e4.<\/p>\n<p>Kentt\u00e4pelaajat: Eelis Arponen Naruker\u00e4, Olavi Erkkil\u00e4 Naruker\u00e4, Simo Huotelin Kampparit, Joonatan H\u00e4m\u00e4l\u00e4inen Kampparit (kasvattajaseurat Pasa Bandy ja Veiter\u00e4),\u00a0 Jere Immonen Kampparit, Aaro Kivenjuuri HIFK (kasvattajaseura Vesta), Aaro Koppelom\u00e4ki Naruker\u00e4, Viljami Kumela Kampparit, Milo Laurent HIFK (kasvattajaseura Vesta), Sebastian Sauvala JPS, Paavo Simpura Veiter\u00e4, Iiro V\u00e4kiparta Iiro HIFK (kasvattajaseurat Naruker\u00e4 ja Botnia), Juho V\u00e4\u00e4n\u00e4nen WP-35, Tarmo \u00c4ss\u00e4m\u00e4ki JPS.<\/p>\n<p>Kotiin j\u00e4\u00e4v\u00e4t varapelaajat: Jesse Aaltonen Naruker\u00e4 (kasvattajaseura Bolln\u00e4s GIF), Urho Eklund HIFK (kasvattajaseura Vesta), V\u00e4in\u00f6 Niiranen WP-35, Olli Pulkkanen Botnia (kasvattajaseurat Botnia ja Vesta), Tapio Paavo Kampparit, Touko T\u00e4htinen Kampparit, Lauri Weiland Veiter\u00e4.<\/p>\n<p>Taustaryhm\u00e4: valmentajat Martti Lousti (Pori) ja Tommi Paajanen (Helsinki), joukkueenjohtaja Juha V\u00e4ist\u00f6 (Oulu), huoltaja Ville Kummala (Oulu), kotiin j\u00e4\u00e4v\u00e4 mentorivalmentaja Ville Aaltonen.<\/p>\n","protected":false},"excerpt":{"rendered":"<p>HELSINKI. Suomen P17-maajoukkueen valmentajat Martti Lousti ja Tommi Paajanen ovat valinneet kisaryhm\u00e4n ja kotiin j\u00e4\u00e4v\u00e4t varamiehet 20.-22.1.2023 pelattaviin P17-ik\u00e4luokan MM-kilpailuihin G\u00f6teborgissa. &#8211; T\u00e4ytyy sanoa, ett\u00e4 nyt oli ty\u00f6l\u00e4s ja vaikea valintaprosessi monestakin syyst\u00e4, sanoo Tommi Paajanen. MM-turnaus pelataan upouudessa Ruddalenin j\u00e4\u00e4pallohallissa. Turnaukseen osallistuvat Ruotsi, Norja ja Suomi ja j\u00e4rjestelyist\u00e4 vastaavat Ruotsin J\u00e4\u00e4palloliiton lis\u00e4ksi G\u00f6teborgin kaupunki [&hellip;]<\/p>\n","protected":false},"author":21,"featured_media":21365,"comment_status":"open","ping_status":"open","sticky":true,"template":"","format":"standard","meta":{"_monsterinsights_skip_tracking":false,"_monsterinsights_sitenote_active":false,"_monsterinsights_sitenote_note":"","_monsterinsights_sitenote_category":0,"site-sidebar-layout":"default","site-content-layout":"default","ast-site-content-layout":"","site-content-style":"default","site-sidebar-style":"default","ast-global-header-display":"","ast-banner-title-visibility":"","ast-main-header-display":"","ast-hfb-above-header-display":"","ast-hfb-below-header-display":"","ast-hfb-mobile-header-display":"","site-post-title":"","ast-breadcrumbs-content":"","ast-featured-img":"","footer-sml-layout":"","theme-transparent-header-meta":"default","adv-header-id-meta":"","stick-header-meta":"","header-above-stick-meta":"","header-main-stick-meta":"","header-below-stick-meta":"","astra-migrate-meta-layouts":"default","ast-page-background-enabled":"default","ast-page-background-meta":{"desktop":{"background-color":"var(--ast-global-color-4)","background-image":"","background-repeat":"repeat","background-position":"center center","background-size":"auto","background-attachment":"scroll","background-type":"","background-media":"","overlay-type":"","overlay-color":"","overlay-opacity":"","overlay-gradient":""},"tablet":{"background-color":"","background-image":"","background-repeat":"repeat","background-position":"center center","background-size":"auto","background-attachment":"scroll","background-type":"","background-media":"","overlay-type":"","overlay-color":"","overlay-opacity":"","overlay-gradient":""},"mobile":{"background-color":"","background-image":"","background-repeat":"repeat","background-position":"center center","background-size":"auto","background-attachment":"scroll","background-type":"","background-media":"","overlay-type":"","overlay-color":"","overlay-opacity":"","overlay-gradient":""}},"ast-content-background-meta":{"desktop":{"background-color":"var(--ast-global-color-5)","background-image":"","background-repeat":"repeat","background-position":"center center","background-size":"auto","background-attachment":"scroll","background-type":"","background-media":"","overlay-type":"","overlay-color":"","overlay-opacity":"","overlay-gradient":""},"tablet":{"background-color":"var(--ast-global-color-5)","background-image":"","background-repeat":"repeat","background-position":"center center","background-size":"auto","background-attachment":"scroll","background-type":"","background-media":"","overlay-type":"","overlay-color":"","overlay-opacity":"","overlay-gradient":""},"mobile":{"background-color":"var(--ast-global-color-5)","background-image":"","background-repeat":"repeat","background-position":"center center","background-size":"auto","background-attachment":"scroll","background-type":"","background-media":"","overlay-type":"","overlay-color":"","overlay-opacity":"","overlay-gradient":""}},"footnotes":"","_expiration-date-status":"","_expiration-date":1673261277,"_expiration-date-type":"draft","_expiration-date-categories":[],"_expiration-date-options":[]},"categories":[5,10],"tags":[],"class_list":["post-21364","post","type-post","status-publish","format-standard","has-post-thumbnail","hentry","category-liitto-tiedottaa","category-maajoukkueet"],"yoast_head":"<!-- This site is optimized with the Yoast SEO plugin v19.7.1 - https:\/\/yoast.com\/wordpress\/plugins\/seo\/ -->\n<title>Suomen P17-ik\u00e4luokan MM-joukkue julkistettu - Suomen J\u00e4\u00e4palloliitto<\/title>\n<meta name=\"robots\" content=\"index, follow, max-snippet:-1, max-image-preview:large, max-video-preview:-1\" \/>\n<link rel=\"canonical\" href=\"https:\/\/www.finbandy.fi\/fi\/suomen-p17-ikaluokan-mm-joukkue-julkistettu\/\" \/>\n<meta property=\"og:locale\" content=\"fi_FI\" \/>\n<meta property=\"og:type\" content=\"article\" \/>\n<meta property=\"og:title\" content=\"Suomen P17-ik\u00e4luokan MM-joukkue julkistettu - Suomen J\u00e4\u00e4palloliitto\" \/>\n<meta property=\"og:description\" content=\"HELSINKI. Suomen P17-maajoukkueen valmentajat Martti Lousti ja Tommi Paajanen ovat valinneet kisaryhm\u00e4n ja kotiin j\u00e4\u00e4v\u00e4t varamiehet 20.-22.1.2023 pelattaviin P17-ik\u00e4luokan MM-kilpailuihin G\u00f6teborgissa. &#8211; T\u00e4ytyy sanoa, ett\u00e4 nyt oli ty\u00f6l\u00e4s ja vaikea valintaprosessi monestakin syyst\u00e4, sanoo Tommi Paajanen. MM-turnaus pelataan upouudessa Ruddalenin j\u00e4\u00e4pallohallissa. Turnaukseen osallistuvat Ruotsi, Norja ja Suomi ja j\u00e4rjestelyist\u00e4 vastaavat Ruotsin J\u00e4\u00e4palloliiton lis\u00e4ksi G\u00f6teborgin kaupunki [&hellip;]\" \/>\n<meta property=\"og:url\" content=\"https:\/\/www.finbandy.fi\/fi\/suomen-p17-ikaluokan-mm-joukkue-julkistettu\/\" \/>\n<meta property=\"og:site_name\" content=\"Suomen J\u00e4\u00e4palloliitto\" \/>\n<meta property=\"article:published_time\" content=\"2023-01-09T11:09:55+00:00\" \/>\n<meta property=\"article:modified_time\" content=\"2023-01-09T11:09:59+00:00\" \/>\n<meta property=\"og:image\" content=\"https:\/\/www.finbandy.fi\/fi\/wp-content\/uploads\/2023\/01\/Kopio-Nimeton-suunnittelumalli-3.png\" \/>\n\t<meta property=\"og:image:width\" content=\"940\" \/>\n\t<meta property=\"og:image:height\" content=\"788\" \/>\n\t<meta property=\"og:image:type\" content=\"image\/png\" \/>\n<meta name=\"author\" content=\"Andreas Sj\u00f6blom\" \/>\n<meta name=\"twitter:card\" content=\"summary_large_image\" \/>\n<meta name=\"twitter:label1\" content=\"Kirjoittanut\" \/>\n\t<meta name=\"twitter:data1\" content=\"Andreas Sj\u00f6blom\" \/>\n\t<meta name=\"twitter:label2\" content=\"Arvioitu lukuaika\" \/>\n\t<meta name=\"twitter:data2\" content=\"2 minuuttia\" \/>\n<script type=\"application\/ld+json\" class=\"yoast-schema-graph\">{\"@context\":\"https:\/\/schema.org\",\"@graph\":[{\"@type\":\"WebPage\",\"@id\":\"https:\/\/www.finbandy.fi\/fi\/suomen-p17-ikaluokan-mm-joukkue-julkistettu\/\",\"url\":\"https:\/\/www.finbandy.fi\/fi\/suomen-p17-ikaluokan-mm-joukkue-julkistettu\/\",\"name\":\"Suomen P17-ik\u00e4luokan MM-joukkue julkistettu - Suomen J\u00e4\u00e4palloliitto\",\"isPartOf\":{\"@id\":\"https:\/\/www.finbandy.fi\/fi\/#website\"},\"datePublished\":\"2023-01-09T11:09:55+00:00\",\"dateModified\":\"2023-01-09T11:09:59+00:00\",\"author\":{\"@id\":\"https:\/\/www.finbandy.fi\/fi\/#\/schema\/person\/60be08507b06fd99f807e9e7fafbe922\"},\"breadcrumb\":{\"@id\":\"https:\/\/www.finbandy.fi\/fi\/suomen-p17-ikaluokan-mm-joukkue-julkistettu\/#breadcrumb\"},\"inLanguage\":\"fi\",\"potentialAction\":[{\"@type\":\"ReadAction\",\"target\":[\"https:\/\/www.finbandy.fi\/fi\/suomen-p17-ikaluokan-mm-joukkue-julkistettu\/\"]}]},{\"@type\":\"BreadcrumbList\",\"@id\":\"https:\/\/www.finbandy.fi\/fi\/suomen-p17-ikaluokan-mm-joukkue-julkistettu\/#breadcrumb\",\"itemListElement\":[{\"@type\":\"ListItem\",\"position\":1,\"name\":\"Etusivu\",\"item\":\"https:\/\/www.finbandy.fi\/fi\/\"},{\"@type\":\"ListItem\",\"position\":2,\"name\":\"Suomen P17-ik\u00e4luokan MM-joukkue julkistettu\"}]},{\"@type\":\"WebSite\",\"@id\":\"https:\/\/www.finbandy.fi\/fi\/#website\",\"url\":\"https:\/\/www.finbandy.fi\/fi\/\",\"name\":\"Suomen J\u00e4\u00e4palloliitto\",\"description\":\"\",\"potentialAction\":[{\"@type\":\"SearchAction\",\"target\":{\"@type\":\"EntryPoint\",\"urlTemplate\":\"https:\/\/www.finbandy.fi\/fi\/?s={search_term_string}\"},\"query-input\":\"required name=search_term_string\"}],\"inLanguage\":\"fi\"},{\"@type\":\"Person\",\"@id\":\"https:\/\/www.finbandy.fi\/fi\/#\/schema\/person\/60be08507b06fd99f807e9e7fafbe922\",\"name\":\"Andreas Sj\u00f6blom\",\"url\":\"https:\/\/www.finbandy.fi\/fi\/author\/andreas\/\"}]}<\/script>\n<!-- \/ Yoast SEO plugin. -->","yoast_head_json":{"title":"Suomen P17-ik\u00e4luokan MM-joukkue julkistettu - Suomen J\u00e4\u00e4palloliitto","robots":{"index":"index","follow":"follow","max-snippet":"max-snippet:-1","max-image-preview":"max-image-preview:large","max-video-preview":"max-video-preview:-1"},"canonical":"https:\/\/www.finbandy.fi\/fi\/suomen-p17-ikaluokan-mm-joukkue-julkistettu\/","og_locale":"fi_FI","og_type":"article","og_title":"Suomen P17-ik\u00e4luokan MM-joukkue julkistettu - Suomen J\u00e4\u00e4palloliitto","og_description":"HELSINKI. Suomen P17-maajoukkueen valmentajat Martti Lousti ja Tommi Paajanen ovat valinneet kisaryhm\u00e4n ja kotiin j\u00e4\u00e4v\u00e4t varamiehet 20.-22.1.2023 pelattaviin P17-ik\u00e4luokan MM-kilpailuihin G\u00f6teborgissa. &#8211; T\u00e4ytyy sanoa, ett\u00e4 nyt oli ty\u00f6l\u00e4s ja vaikea valintaprosessi monestakin syyst\u00e4, sanoo Tommi Paajanen. MM-turnaus pelataan upouudessa Ruddalenin j\u00e4\u00e4pallohallissa. Turnaukseen osallistuvat Ruotsi, Norja ja Suomi ja j\u00e4rjestelyist\u00e4 vastaavat Ruotsin J\u00e4\u00e4palloliiton lis\u00e4ksi G\u00f6teborgin kaupunki [&hellip;]","og_url":"https:\/\/www.finbandy.fi\/fi\/suomen-p17-ikaluokan-mm-joukkue-julkistettu\/","og_site_name":"Suomen J\u00e4\u00e4palloliitto","article_published_time":"2023-01-09T11:09:55+00:00","article_modified_time":"2023-01-09T11:09:59+00:00","og_image":[{"width":940,"height":788,"url":"https:\/\/www.finbandy.fi\/fi\/wp-content\/uploads\/2023\/01\/Kopio-Nimeton-suunnittelumalli-3.png","type":"image\/png"}],"author":"Andreas Sj\u00f6blom","twitter_card":"summary_large_image","twitter_misc":{"Kirjoittanut":"Andreas Sj\u00f6blom","Arvioitu lukuaika":"2 minuuttia"},"schema":{"@context":"https:\/\/schema.org","@graph":[{"@type":"WebPage","@id":"https:\/\/www.finbandy.fi\/fi\/suomen-p17-ikaluokan-mm-joukkue-julkistettu\/","url":"https:\/\/www.finbandy.fi\/fi\/suomen-p17-ikaluokan-mm-joukkue-julkistettu\/","name":"Suomen P17-ik\u00e4luokan MM-joukkue julkistettu - Suomen J\u00e4\u00e4palloliitto","isPartOf":{"@id":"https:\/\/www.finbandy.fi\/fi\/#website"},"datePublished":"2023-01-09T11:09:55+00:00","dateModified":"2023-01-09T11:09:59+00:00","author":{"@id":"https:\/\/www.finbandy.fi\/fi\/#\/schema\/person\/60be08507b06fd99f807e9e7fafbe922"},"breadcrumb":{"@id":"https:\/\/www.finbandy.fi\/fi\/suomen-p17-ikaluokan-mm-joukkue-julkistettu\/#breadcrumb"},"inLanguage":"fi","potentialAction":[{"@type":"ReadAction","target":["https:\/\/www.finbandy.fi\/fi\/suomen-p17-ikaluokan-mm-joukkue-julkistettu\/"]}]},{"@type":"BreadcrumbList","@id":"https:\/\/www.finbandy.fi\/fi\/suomen-p17-ikaluokan-mm-joukkue-julkistettu\/#breadcrumb","itemListElement":[{"@type":"ListItem","position":1,"name":"Etusivu","item":"https:\/\/www.finbandy.fi\/fi\/"},{"@type":"ListItem","position":2,"name":"Suomen P17-ik\u00e4luokan MM-joukkue julkistettu"}]},{"@type":"WebSite","@id":"https:\/\/www.finbandy.fi\/fi\/#website","url":"https:\/\/www.finbandy.fi\/fi\/","name":"Suomen J\u00e4\u00e4palloliitto","description":"","potentialAction":[{"@type":"SearchAction","target":{"@type":"EntryPoint","urlTemplate":"https:\/\/www.finbandy.fi\/fi\/?s={search_term_string}"},"query-input":"required name=search_term_string"}],"inLanguage":"fi"},{"@type":"Person","@id":"https:\/\/www.finbandy.fi\/fi\/#\/schema\/person\/60be08507b06fd99f807e9e7fafbe922","name":"Andreas Sj\u00f6blom","url":"https:\/\/www.finbandy.fi\/fi\/author\/andreas\/"}]}},"_links":{"self":[{"href":"https:\/\/www.finbandy.fi\/fi\/wp-json\/wp\/v2\/posts\/21364"}],"collection":[{"href":"https:\/\/www.finbandy.fi\/fi\/wp-json\/wp\/v2\/posts"}],"about":[{"href":"https:\/\/www.finbandy.fi\/fi\/wp-json\/wp\/v2\/types\/post"}],"author":[{"embeddable":true,"href":"https:\/\/www.finbandy.fi\/fi\/wp-json\/wp\/v2\/users\/21"}],"replies":[{"embeddable":true,"href":"https:\/\/www.finbandy.fi\/fi\/wp-json\/wp\/v2\/comments?post=21364"}],"version-history":[{"count":1,"href":"https:\/\/www.finbandy.fi\/fi\/wp-json\/wp\/v2\/posts\/21364\/revisions"}],"predecessor-version":[{"id":21367,"href":"https:\/\/www.finbandy.fi\/fi\/wp-json\/wp\/v2\/posts\/21364\/revisions\/21367"}],"wp:featuredmedia":[{"embeddable":true,"href":"https:\/\/www.finbandy.fi\/fi\/wp-json\/wp\/v2\/media\/21365"}],"wp:attachment":[{"href":"https:\/\/www.finbandy.fi\/fi\/wp-json\/wp\/v2\/media?parent=21364"}],"wp:term":[{"taxonomy":"category","embeddable":true,"href":"https:\/\/www.finbandy.fi\/fi\/wp-json\/wp\/v2\/categories?post=21364"},{"taxonomy":"post_tag","embeddable":true,"href":"https:\/\/www.finbandy.fi\/fi\/wp-json\/wp\/v2\/tags?post=21364"}],"curies":[{"name":"wp","href":"https:\/\/api.w.org\/{rel}","templated":true}]}}