{"id":23375,"date":"2025-01-08T18:43:07","date_gmt":"2025-01-08T16:43:07","guid":{"rendered":"https:\/\/www.finbandy.fi\/fi\/?p=23375"},"modified":"2025-01-08T18:43:08","modified_gmt":"2025-01-08T16:43:08","slug":"p19-maajoukkueen-mm-ryhma-valittu","status":"publish","type":"post","link":"https:\/\/www.finbandy.fi\/fi\/p19-maajoukkueen-mm-ryhma-valittu\/","title":{"rendered":"P19-maajoukkueen MM-ryhm\u00e4 valittu"},"content":{"rendered":"<div id=\"wp_fb_like_button\" style=\"margin:5px 0;float:none;height:50px;\"><script src=\"http:\/\/connect.facebook.net\/en_US\/all.js#xfbml=1\"><\/script><fb:like href=\"https:\/\/www.finbandy.fi\/fi\/p19-maajoukkueen-mm-ryhma-valittu\/\" send=\"true\" layout=\"button_count\" width=\"400\" show_faces=\"false\" font=\"arial\" action=\"like\" colorscheme=\"light\"><\/fb:like><\/div>\n<p>Suomen P19-maajoukkueen valmennuskaksikko <strong>Tero Kumela<\/strong> ja <strong>Kimmo Huotelin<\/strong> ovat valinneet MM-kisoihin matkaavan maajoukkueryhm\u00e4ns\u00e4. Ik\u00e4luokan MM-kisat j\u00e4rjestet\u00e4\u00e4n Ruotsin Sandvikeniss\u00e4 16-19.1.2025.<\/p>\n<p>&#8211; Koko ik\u00e4luokan tarkkailuryhm\u00e4 oli laadukas ja siin\u00e4 mieless\u00e4 meill\u00e4 oli positiivinen ongelma, kun hyvi\u00e4 pelaajia oli niin paljon. Keskustelin paljon sek\u00e4 Kimmon ett\u00e4 pelaajien omien seuravalmentajien kanssa ennen kuin yhdess\u00e4 p\u00e4\u00e4dyimme nyt julkaistuun ryhm\u00e4\u00e4n, sanoo Tero Kumela.<\/p>\n<p>P19-ik\u00e4luokan MM-turnaukseen osallistuu Ruotsi, Norja, Suomi ja Unkari. Turnauksen ilmoittautunut Slovakia j\u00e4i valitettavasti pois aivan loppumetreill\u00e4 ja samalla koko otteluohjelma heitti h\u00e4r\u00e4npylly\u00e4 niin ett\u00e4 Suomi kohtaa heti alkuun is\u00e4nt\u00e4maa Ruotsin ja seuraavana p\u00e4iv\u00e4n\u00e4 Norjan.<\/p>\n<p>\u2013 Ehk\u00e4 se on hyv\u00e4 saada heti k\u00e4ttelyss\u00e4 kovat pelit alle ja v\u00e4h\u00e4n osviittaa siit\u00e4, mit\u00e4 mahdollisesti pit\u00e4\u00e4 parantaa ennen viikonlopun ratkaisupelej\u00e4. Uskon ett\u00e4 turnauksen aikana joukkue hitsaantuu enemm\u00e4n yhteen ja saamme parhaamme irti v\u00e4lier\u00e4ss\u00e4 ja mitaliottelussa, sanoo Kumela.<\/p>\n<p>P19- ja P17-ik\u00e4luokan viralliset kisasivut l\u00f6ytyy osoitteesta: <a href=\"https:\/\/bandywc2025.com\/y17-y19-boys-world-championships\/\">https:\/\/bandywc2025.com\/y17-y19-boys-world-championships\/<\/a>. T\u00e4\u00e4lt\u00e4 l\u00f6ytyy kaikki tarvittava tieto turnauksesta.<\/p>\n<p><strong>Suomen joukkue P19-ik\u00e4luokan MM-kisoihin.<\/strong><\/p>\n<p>Maalivahdit: Korhonen Iivo Kampparit, Rantanen Severi Bolln\u00e4s.<\/p>\n<p>Kentt\u00e4pelaajat: Arponen Eelis Naruker\u00e4, Kumela Viljami Kampparit, Aaltonen Jesse Naruker\u00e4, B\u00f6hm Eeli JPS, H\u00e4m\u00e4l\u00e4inen Joonatan Kampparit, Immonen Jere Kampparit, Kivenjuuri Aaro HIFK, V\u00e4kiparta Iiro HIFK, Huotelin Simo Kampparit, Tapio Paavo Kampparit, T\u00e4htinen Touko Kampparit, \u00c4ss\u00e4m\u00e4ki Tarmo JPS, Sauvala Sebastian JPS, Gustafsson Elias V\u00e4stanfors.<\/p>\n<p>Kotiin j\u00e4\u00e4v\u00e4t varamiehet: Heimala Aaro Veiter\u00e4, Haraldsen Brian Mj\u00f8ndalen, V\u00e4\u00e4n\u00e4nen Juho WP-35, Lukkarila Lucas V\u00e4nersborg, Eklund Urho Bolln\u00e4s, Puhakainen Niilo Bolln\u00e4s, L\u00f6nnberg Elmer Akilles, Laurent Milo HIFK, Aho Eero WP-35.<\/p>\n<p>Joukkueen johto: Tero Kumela valmentaja, Kimmo Huotelin valmentaja, Joonas Immonen joukkueenjohtaja, Tom Niiranen huolto.<\/p>\n","protected":false},"excerpt":{"rendered":"<p>Suomen P19-maajoukkueen valmennuskaksikko Tero Kumela ja Kimmo Huotelin ovat valinneet MM-kisoihin matkaavan maajoukkueryhm\u00e4ns\u00e4. Ik\u00e4luokan MM-kisat j\u00e4rjestet\u00e4\u00e4n Ruotsin Sandvikeniss\u00e4 16-19.1.2025. &#8211; Koko ik\u00e4luokan tarkkailuryhm\u00e4 oli laadukas ja siin\u00e4 mieless\u00e4 meill\u00e4 oli positiivinen ongelma, kun hyvi\u00e4 pelaajia oli niin paljon. Keskustelin paljon sek\u00e4 Kimmon ett\u00e4 pelaajien omien seuravalmentajien kanssa ennen kuin yhdess\u00e4 p\u00e4\u00e4dyimme nyt julkaistuun ryhm\u00e4\u00e4n, sanoo [&hellip;]<\/p>\n","protected":false},"author":21,"featured_media":23217,"comment_status":"open","ping_status":"open","sticky":true,"template":"","format":"standard","meta":{"_monsterinsights_skip_tracking":false,"_monsterinsights_sitenote_active":false,"_monsterinsights_sitenote_note":"","_monsterinsights_sitenote_category":0,"site-sidebar-layout":"default","site-content-layout":"","ast-site-content-layout":"default","site-content-style":"default","site-sidebar-style":"default","ast-global-header-display":"","ast-banner-title-visibility":"","ast-main-header-display":"","ast-hfb-above-header-display":"","ast-hfb-below-header-display":"","ast-hfb-mobile-header-display":"","site-post-title":"","ast-breadcrumbs-content":"","ast-featured-img":"","footer-sml-layout":"","theme-transparent-header-meta":"","adv-header-id-meta":"","stick-header-meta":"","header-above-stick-meta":"","header-main-stick-meta":"","header-below-stick-meta":"","astra-migrate-meta-layouts":"set","ast-page-background-enabled":"default","ast-page-background-meta":{"desktop":{"background-color":"var(--ast-global-color-4)","background-image":"","background-repeat":"repeat","background-position":"center center","background-size":"auto","background-attachment":"scroll","background-type":"","background-media":"","overlay-type":"","overlay-color":"","overlay-opacity":"","overlay-gradient":""},"tablet":{"background-color":"","background-image":"","background-repeat":"repeat","background-position":"center center","background-size":"auto","background-attachment":"scroll","background-type":"","background-media":"","overlay-type":"","overlay-color":"","overlay-opacity":"","overlay-gradient":""},"mobile":{"background-color":"","background-image":"","background-repeat":"repeat","background-position":"center center","background-size":"auto","background-attachment":"scroll","background-type":"","background-media":"","overlay-type":"","overlay-color":"","overlay-opacity":"","overlay-gradient":""}},"ast-content-background-meta":{"desktop":{"background-color":"var(--ast-global-color-5)","background-image":"","background-repeat":"repeat","background-position":"center center","background-size":"auto","background-attachment":"scroll","background-type":"","background-media":"","overlay-type":"","overlay-color":"","overlay-opacity":"","overlay-gradient":""},"tablet":{"background-color":"var(--ast-global-color-5)","background-image":"","background-repeat":"repeat","background-position":"center center","background-size":"auto","background-attachment":"scroll","background-type":"","background-media":"","overlay-type":"","overlay-color":"","overlay-opacity":"","overlay-gradient":""},"mobile":{"background-color":"var(--ast-global-color-5)","background-image":"","background-repeat":"repeat","background-position":"center center","background-size":"auto","background-attachment":"scroll","background-type":"","background-media":"","overlay-type":"","overlay-color":"","overlay-opacity":"","overlay-gradient":""}},"footnotes":"","_expiration-date-status":"","_expiration-date":1736354514,"_expiration-date-type":"draft","_expiration-date-categories":[],"_expiration-date-options":[]},"categories":[5,10],"tags":[],"class_list":["post-23375","post","type-post","status-publish","format-standard","has-post-thumbnail","hentry","category-liitto-tiedottaa","category-maajoukkueet"],"yoast_head":"<!-- This site is optimized with the Yoast SEO plugin v19.7.1 - https:\/\/yoast.com\/wordpress\/plugins\/seo\/ -->\n<title>P19-maajoukkueen MM-ryhm\u00e4 valittu - Suomen J\u00e4\u00e4palloliitto<\/title>\n<meta name=\"robots\" content=\"index, follow, max-snippet:-1, max-image-preview:large, max-video-preview:-1\" \/>\n<link rel=\"canonical\" href=\"https:\/\/www.finbandy.fi\/fi\/p19-maajoukkueen-mm-ryhma-valittu\/\" \/>\n<meta property=\"og:locale\" content=\"fi_FI\" \/>\n<meta property=\"og:type\" content=\"article\" \/>\n<meta property=\"og:title\" content=\"P19-maajoukkueen MM-ryhm\u00e4 valittu - Suomen J\u00e4\u00e4palloliitto\" \/>\n<meta property=\"og:description\" content=\"Suomen P19-maajoukkueen valmennuskaksikko Tero Kumela ja Kimmo Huotelin ovat valinneet MM-kisoihin matkaavan maajoukkueryhm\u00e4ns\u00e4. Ik\u00e4luokan MM-kisat j\u00e4rjestet\u00e4\u00e4n Ruotsin Sandvikeniss\u00e4 16-19.1.2025. &#8211; Koko ik\u00e4luokan tarkkailuryhm\u00e4 oli laadukas ja siin\u00e4 mieless\u00e4 meill\u00e4 oli positiivinen ongelma, kun hyvi\u00e4 pelaajia oli niin paljon. Keskustelin paljon sek\u00e4 Kimmon ett\u00e4 pelaajien omien seuravalmentajien kanssa ennen kuin yhdess\u00e4 p\u00e4\u00e4dyimme nyt julkaistuun ryhm\u00e4\u00e4n, sanoo [&hellip;]\" \/>\n<meta property=\"og:url\" content=\"https:\/\/www.finbandy.fi\/fi\/p19-maajoukkueen-mm-ryhma-valittu\/\" \/>\n<meta property=\"og:site_name\" content=\"Suomen J\u00e4\u00e4palloliitto\" \/>\n<meta property=\"article:published_time\" content=\"2025-01-08T16:43:07+00:00\" \/>\n<meta property=\"article:modified_time\" content=\"2025-01-08T16:43:08+00:00\" \/>\n<meta property=\"og:image\" content=\"https:\/\/www.finbandy.fi\/fi\/wp-content\/uploads\/2024\/12\/Kopio-Kopio-Kopio-Kopio-Kopio-LIITTO-TIEDOTTAA-1.png\" \/>\n\t<meta property=\"og:image:width\" content=\"940\" \/>\n\t<meta property=\"og:image:height\" content=\"788\" \/>\n\t<meta property=\"og:image:type\" content=\"image\/png\" \/>\n<meta name=\"author\" content=\"Andreas Sj\u00f6blom\" \/>\n<meta name=\"twitter:card\" content=\"summary_large_image\" \/>\n<meta name=\"twitter:label1\" content=\"Kirjoittanut\" \/>\n\t<meta name=\"twitter:data1\" content=\"Andreas Sj\u00f6blom\" \/>\n\t<meta name=\"twitter:label2\" content=\"Arvioitu lukuaika\" \/>\n\t<meta name=\"twitter:data2\" content=\"2 minuuttia\" \/>\n<script type=\"application\/ld+json\" class=\"yoast-schema-graph\">{\"@context\":\"https:\/\/schema.org\",\"@graph\":[{\"@type\":\"WebPage\",\"@id\":\"https:\/\/www.finbandy.fi\/fi\/p19-maajoukkueen-mm-ryhma-valittu\/\",\"url\":\"https:\/\/www.finbandy.fi\/fi\/p19-maajoukkueen-mm-ryhma-valittu\/\",\"name\":\"P19-maajoukkueen MM-ryhm\u00e4 valittu - Suomen J\u00e4\u00e4palloliitto\",\"isPartOf\":{\"@id\":\"https:\/\/www.finbandy.fi\/fi\/#website\"},\"datePublished\":\"2025-01-08T16:43:07+00:00\",\"dateModified\":\"2025-01-08T16:43:08+00:00\",\"author\":{\"@id\":\"https:\/\/www.finbandy.fi\/fi\/#\/schema\/person\/60be08507b06fd99f807e9e7fafbe922\"},\"breadcrumb\":{\"@id\":\"https:\/\/www.finbandy.fi\/fi\/p19-maajoukkueen-mm-ryhma-valittu\/#breadcrumb\"},\"inLanguage\":\"fi\",\"potentialAction\":[{\"@type\":\"ReadAction\",\"target\":[\"https:\/\/www.finbandy.fi\/fi\/p19-maajoukkueen-mm-ryhma-valittu\/\"]}]},{\"@type\":\"BreadcrumbList\",\"@id\":\"https:\/\/www.finbandy.fi\/fi\/p19-maajoukkueen-mm-ryhma-valittu\/#breadcrumb\",\"itemListElement\":[{\"@type\":\"ListItem\",\"position\":1,\"name\":\"Etusivu\",\"item\":\"https:\/\/www.finbandy.fi\/fi\/\"},{\"@type\":\"ListItem\",\"position\":2,\"name\":\"P19-maajoukkueen MM-ryhm\u00e4 valittu\"}]},{\"@type\":\"WebSite\",\"@id\":\"https:\/\/www.finbandy.fi\/fi\/#website\",\"url\":\"https:\/\/www.finbandy.fi\/fi\/\",\"name\":\"Suomen J\u00e4\u00e4palloliitto\",\"description\":\"\",\"potentialAction\":[{\"@type\":\"SearchAction\",\"target\":{\"@type\":\"EntryPoint\",\"urlTemplate\":\"https:\/\/www.finbandy.fi\/fi\/?s={search_term_string}\"},\"query-input\":\"required name=search_term_string\"}],\"inLanguage\":\"fi\"},{\"@type\":\"Person\",\"@id\":\"https:\/\/www.finbandy.fi\/fi\/#\/schema\/person\/60be08507b06fd99f807e9e7fafbe922\",\"name\":\"Andreas Sj\u00f6blom\",\"url\":\"https:\/\/www.finbandy.fi\/fi\/author\/andreas\/\"}]}<\/script>\n<!-- \/ Yoast SEO plugin. -->","yoast_head_json":{"title":"P19-maajoukkueen MM-ryhm\u00e4 valittu - Suomen J\u00e4\u00e4palloliitto","robots":{"index":"index","follow":"follow","max-snippet":"max-snippet:-1","max-image-preview":"max-image-preview:large","max-video-preview":"max-video-preview:-1"},"canonical":"https:\/\/www.finbandy.fi\/fi\/p19-maajoukkueen-mm-ryhma-valittu\/","og_locale":"fi_FI","og_type":"article","og_title":"P19-maajoukkueen MM-ryhm\u00e4 valittu - Suomen J\u00e4\u00e4palloliitto","og_description":"Suomen P19-maajoukkueen valmennuskaksikko Tero Kumela ja Kimmo Huotelin ovat valinneet MM-kisoihin matkaavan maajoukkueryhm\u00e4ns\u00e4. Ik\u00e4luokan MM-kisat j\u00e4rjestet\u00e4\u00e4n Ruotsin Sandvikeniss\u00e4 16-19.1.2025. &#8211; Koko ik\u00e4luokan tarkkailuryhm\u00e4 oli laadukas ja siin\u00e4 mieless\u00e4 meill\u00e4 oli positiivinen ongelma, kun hyvi\u00e4 pelaajia oli niin paljon. Keskustelin paljon sek\u00e4 Kimmon ett\u00e4 pelaajien omien seuravalmentajien kanssa ennen kuin yhdess\u00e4 p\u00e4\u00e4dyimme nyt julkaistuun ryhm\u00e4\u00e4n, sanoo [&hellip;]","og_url":"https:\/\/www.finbandy.fi\/fi\/p19-maajoukkueen-mm-ryhma-valittu\/","og_site_name":"Suomen J\u00e4\u00e4palloliitto","article_published_time":"2025-01-08T16:43:07+00:00","article_modified_time":"2025-01-08T16:43:08+00:00","og_image":[{"width":940,"height":788,"url":"https:\/\/www.finbandy.fi\/fi\/wp-content\/uploads\/2024\/12\/Kopio-Kopio-Kopio-Kopio-Kopio-LIITTO-TIEDOTTAA-1.png","type":"image\/png"}],"author":"Andreas Sj\u00f6blom","twitter_card":"summary_large_image","twitter_misc":{"Kirjoittanut":"Andreas Sj\u00f6blom","Arvioitu lukuaika":"2 minuuttia"},"schema":{"@context":"https:\/\/schema.org","@graph":[{"@type":"WebPage","@id":"https:\/\/www.finbandy.fi\/fi\/p19-maajoukkueen-mm-ryhma-valittu\/","url":"https:\/\/www.finbandy.fi\/fi\/p19-maajoukkueen-mm-ryhma-valittu\/","name":"P19-maajoukkueen MM-ryhm\u00e4 valittu - Suomen J\u00e4\u00e4palloliitto","isPartOf":{"@id":"https:\/\/www.finbandy.fi\/fi\/#website"},"datePublished":"2025-01-08T16:43:07+00:00","dateModified":"2025-01-08T16:43:08+00:00","author":{"@id":"https:\/\/www.finbandy.fi\/fi\/#\/schema\/person\/60be08507b06fd99f807e9e7fafbe922"},"breadcrumb":{"@id":"https:\/\/www.finbandy.fi\/fi\/p19-maajoukkueen-mm-ryhma-valittu\/#breadcrumb"},"inLanguage":"fi","potentialAction":[{"@type":"ReadAction","target":["https:\/\/www.finbandy.fi\/fi\/p19-maajoukkueen-mm-ryhma-valittu\/"]}]},{"@type":"BreadcrumbList","@id":"https:\/\/www.finbandy.fi\/fi\/p19-maajoukkueen-mm-ryhma-valittu\/#breadcrumb","itemListElement":[{"@type":"ListItem","position":1,"name":"Etusivu","item":"https:\/\/www.finbandy.fi\/fi\/"},{"@type":"ListItem","position":2,"name":"P19-maajoukkueen MM-ryhm\u00e4 valittu"}]},{"@type":"WebSite","@id":"https:\/\/www.finbandy.fi\/fi\/#website","url":"https:\/\/www.finbandy.fi\/fi\/","name":"Suomen J\u00e4\u00e4palloliitto","description":"","potentialAction":[{"@type":"SearchAction","target":{"@type":"EntryPoint","urlTemplate":"https:\/\/www.finbandy.fi\/fi\/?s={search_term_string}"},"query-input":"required name=search_term_string"}],"inLanguage":"fi"},{"@type":"Person","@id":"https:\/\/www.finbandy.fi\/fi\/#\/schema\/person\/60be08507b06fd99f807e9e7fafbe922","name":"Andreas Sj\u00f6blom","url":"https:\/\/www.finbandy.fi\/fi\/author\/andreas\/"}]}},"_links":{"self":[{"href":"https:\/\/www.finbandy.fi\/fi\/wp-json\/wp\/v2\/posts\/23375"}],"collection":[{"href":"https:\/\/www.finbandy.fi\/fi\/wp-json\/wp\/v2\/posts"}],"about":[{"href":"https:\/\/www.finbandy.fi\/fi\/wp-json\/wp\/v2\/types\/post"}],"author":[{"embeddable":true,"href":"https:\/\/www.finbandy.fi\/fi\/wp-json\/wp\/v2\/users\/21"}],"replies":[{"embeddable":true,"href":"https:\/\/www.finbandy.fi\/fi\/wp-json\/wp\/v2\/comments?post=23375"}],"version-history":[{"count":1,"href":"https:\/\/www.finbandy.fi\/fi\/wp-json\/wp\/v2\/posts\/23375\/revisions"}],"predecessor-version":[{"id":23376,"href":"https:\/\/www.finbandy.fi\/fi\/wp-json\/wp\/v2\/posts\/23375\/revisions\/23376"}],"wp:featuredmedia":[{"embeddable":true,"href":"https:\/\/www.finbandy.fi\/fi\/wp-json\/wp\/v2\/media\/23217"}],"wp:attachment":[{"href":"https:\/\/www.finbandy.fi\/fi\/wp-json\/wp\/v2\/media?parent=23375"}],"wp:term":[{"taxonomy":"category","embeddable":true,"href":"https:\/\/www.finbandy.fi\/fi\/wp-json\/wp\/v2\/categories?post=23375"},{"taxonomy":"post_tag","embeddable":true,"href":"https:\/\/www.finbandy.fi\/fi\/wp-json\/wp\/v2\/tags?post=23375"}],"curies":[{"name":"wp","href":"https:\/\/api.w.org\/{rel}","templated":true}]}}