{"id":23799,"date":"2025-08-22T13:16:00","date_gmt":"2025-08-22T10:16:00","guid":{"rendered":"https:\/\/www.finbandy.fi\/fi\/?p=23799"},"modified":"2025-08-22T13:16:03","modified_gmt":"2025-08-22T10:16:03","slug":"syyskokous-kutsuu-jaapallovaen-poriin","status":"publish","type":"post","link":"https:\/\/www.finbandy.fi\/fi\/syyskokous-kutsuu-jaapallovaen-poriin\/","title":{"rendered":"Syyskokous kutsuu j\u00e4\u00e4pallov\u00e4en Poriin!"},"content":{"rendered":"<div id=\"wp_fb_like_button\" style=\"margin:5px 0;float:none;height:50px;\"><script src=\"http:\/\/connect.facebook.net\/en_US\/all.js#xfbml=1\"><\/script><fb:like href=\"https:\/\/www.finbandy.fi\/fi\/syyskokous-kutsuu-jaapallovaen-poriin\/\" send=\"true\" layout=\"button_count\" width=\"400\" show_faces=\"false\" font=\"arial\" action=\"like\" colorscheme=\"light\"><\/fb:like><\/div>\n<p>Suomen J\u00e4\u00e4palloliiton liittokokous j\u00e4rjestet\u00e4\u00e4n lauantaina 18.10.2025 klo 12.00 alkaen Poriin, jossa tammikuussa j\u00e4rjestet\u00e4\u00e4n miesten ja naisten MM-kisat. Kokouspaikkana toimii Asiantuntijakeskus BEPOP (Isolinnankatu 21 E, 5.krs).<\/p>\n<p>Syysliittokokouksessa k\u00e4sitell\u00e4\u00e4n liiton s\u00e4\u00e4nt\u00f6jen \u00a718 mukaiset s\u00e4\u00e4nt\u00f6m\u00e4\u00e4r\u00e4iset asiat ja valitaan kurinpitovaliokuntaan tarvittavat j\u00e4senet. Lopullinen ohjelma ja aikataulu vahvistetaan viimeist\u00e4\u00e4n kaksi viikkoa ennen kokousta.<\/p>\n<p>Ilmoittautumiset viimeist\u00e4\u00e4n 2.10.2025 s\u00e4hk\u00f6postitse toiminnanjohtajalle Tobias Karlssonille (tobias.karlsson@finbandy.fi). Lis\u00e4tiedot: +358 400 278 069<\/p>\n<p>Muistathan ilmoittautua \u2013 n\u00e4in voimme varautua tarjoiluihin ja tiloihin!<\/p>\n","protected":false},"excerpt":{"rendered":"<p>Suomen J\u00e4\u00e4palloliiton liittokokous j\u00e4rjestet\u00e4\u00e4n lauantaina 18.10.2025 klo 12.00 alkaen Poriin, jossa tammikuussa j\u00e4rjestet\u00e4\u00e4n miesten ja naisten MM-kisat. Kokouspaikkana toimii Asiantuntijakeskus BEPOP (Isolinnankatu 21 E, 5.krs). Syysliittokokouksessa k\u00e4sitell\u00e4\u00e4n liiton s\u00e4\u00e4nt\u00f6jen \u00a718 mukaiset s\u00e4\u00e4nt\u00f6m\u00e4\u00e4r\u00e4iset asiat ja valitaan kurinpitovaliokuntaan tarvittavat j\u00e4senet. Lopullinen ohjelma ja aikataulu vahvistetaan viimeist\u00e4\u00e4n kaksi viikkoa ennen kokousta. Ilmoittautumiset viimeist\u00e4\u00e4n 2.10.2025 s\u00e4hk\u00f6postitse toiminnanjohtajalle Tobias Karlssonille [&hellip;]<\/p>\n","protected":false},"author":21,"featured_media":23800,"comment_status":"open","ping_status":"open","sticky":true,"template":"","format":"standard","meta":{"_monsterinsights_skip_tracking":false,"_monsterinsights_sitenote_active":false,"_monsterinsights_sitenote_note":"","_monsterinsights_sitenote_category":0,"site-sidebar-layout":"default","site-content-layout":"","ast-site-content-layout":"default","site-content-style":"default","site-sidebar-style":"default","ast-global-header-display":"","ast-banner-title-visibility":"","ast-main-header-display":"","ast-hfb-above-header-display":"","ast-hfb-below-header-display":"","ast-hfb-mobile-header-display":"","site-post-title":"","ast-breadcrumbs-content":"","ast-featured-img":"","footer-sml-layout":"","theme-transparent-header-meta":"","adv-header-id-meta":"","stick-header-meta":"","header-above-stick-meta":"","header-main-stick-meta":"","header-below-stick-meta":"","astra-migrate-meta-layouts":"set","ast-page-background-enabled":"default","ast-page-background-meta":{"desktop":{"background-color":"var(--ast-global-color-4)","background-image":"","background-repeat":"repeat","background-position":"center center","background-size":"auto","background-attachment":"scroll","background-type":"","background-media":"","overlay-type":"","overlay-color":"","overlay-opacity":"","overlay-gradient":""},"tablet":{"background-color":"","background-image":"","background-repeat":"repeat","background-position":"center center","background-size":"auto","background-attachment":"scroll","background-type":"","background-media":"","overlay-type":"","overlay-color":"","overlay-opacity":"","overlay-gradient":""},"mobile":{"background-color":"","background-image":"","background-repeat":"repeat","background-position":"center center","background-size":"auto","background-attachment":"scroll","background-type":"","background-media":"","overlay-type":"","overlay-color":"","overlay-opacity":"","overlay-gradient":""}},"ast-content-background-meta":{"desktop":{"background-color":"var(--ast-global-color-5)","background-image":"","background-repeat":"repeat","background-position":"center center","background-size":"auto","background-attachment":"scroll","background-type":"","background-media":"","overlay-type":"","overlay-color":"","overlay-opacity":"","overlay-gradient":""},"tablet":{"background-color":"var(--ast-global-color-5)","background-image":"","background-repeat":"repeat","background-position":"center center","background-size":"auto","background-attachment":"scroll","background-type":"","background-media":"","overlay-type":"","overlay-color":"","overlay-opacity":"","overlay-gradient":""},"mobile":{"background-color":"var(--ast-global-color-5)","background-image":"","background-repeat":"repeat","background-position":"center center","background-size":"auto","background-attachment":"scroll","background-type":"","background-media":"","overlay-type":"","overlay-color":"","overlay-opacity":"","overlay-gradient":""}},"footnotes":"","_expiration-date-status":"","_expiration-date":1755857631,"_expiration-date-type":"draft","_expiration-date-categories":[],"_expiration-date-options":[]},"categories":[5,1],"tags":[],"class_list":["post-23799","post","type-post","status-publish","format-standard","has-post-thumbnail","hentry","category-liitto-tiedottaa","category-yleinen"],"yoast_head":"<!-- This site is optimized with the Yoast SEO plugin v19.7.1 - https:\/\/yoast.com\/wordpress\/plugins\/seo\/ -->\n<title>Syyskokous kutsuu j\u00e4\u00e4pallov\u00e4en Poriin! - Suomen J\u00e4\u00e4palloliitto<\/title>\n<meta name=\"robots\" content=\"index, follow, max-snippet:-1, max-image-preview:large, max-video-preview:-1\" \/>\n<link rel=\"canonical\" href=\"https:\/\/www.finbandy.fi\/fi\/syyskokous-kutsuu-jaapallovaen-poriin\/\" \/>\n<meta property=\"og:locale\" content=\"fi_FI\" \/>\n<meta property=\"og:type\" content=\"article\" \/>\n<meta property=\"og:title\" content=\"Syyskokous kutsuu j\u00e4\u00e4pallov\u00e4en Poriin! - Suomen J\u00e4\u00e4palloliitto\" \/>\n<meta property=\"og:description\" content=\"Suomen J\u00e4\u00e4palloliiton liittokokous j\u00e4rjestet\u00e4\u00e4n lauantaina 18.10.2025 klo 12.00 alkaen Poriin, jossa tammikuussa j\u00e4rjestet\u00e4\u00e4n miesten ja naisten MM-kisat. Kokouspaikkana toimii Asiantuntijakeskus BEPOP (Isolinnankatu 21 E, 5.krs). Syysliittokokouksessa k\u00e4sitell\u00e4\u00e4n liiton s\u00e4\u00e4nt\u00f6jen \u00a718 mukaiset s\u00e4\u00e4nt\u00f6m\u00e4\u00e4r\u00e4iset asiat ja valitaan kurinpitovaliokuntaan tarvittavat j\u00e4senet. Lopullinen ohjelma ja aikataulu vahvistetaan viimeist\u00e4\u00e4n kaksi viikkoa ennen kokousta. Ilmoittautumiset viimeist\u00e4\u00e4n 2.10.2025 s\u00e4hk\u00f6postitse toiminnanjohtajalle Tobias Karlssonille [&hellip;]\" \/>\n<meta property=\"og:url\" content=\"https:\/\/www.finbandy.fi\/fi\/syyskokous-kutsuu-jaapallovaen-poriin\/\" \/>\n<meta property=\"og:site_name\" content=\"Suomen J\u00e4\u00e4palloliitto\" \/>\n<meta property=\"article:published_time\" content=\"2025-08-22T10:16:00+00:00\" \/>\n<meta property=\"article:modified_time\" content=\"2025-08-22T10:16:03+00:00\" \/>\n<meta property=\"og:image\" content=\"https:\/\/www.finbandy.fi\/fi\/wp-content\/uploads\/2025\/08\/SJPL-logo-2025.jpeg\" \/>\n\t<meta property=\"og:image:width\" content=\"1271\" \/>\n\t<meta property=\"og:image:height\" content=\"816\" \/>\n\t<meta property=\"og:image:type\" content=\"image\/jpeg\" \/>\n<meta name=\"author\" content=\"Andreas Sj\u00f6blom\" \/>\n<meta name=\"twitter:card\" content=\"summary_large_image\" \/>\n<meta name=\"twitter:label1\" content=\"Kirjoittanut\" \/>\n\t<meta name=\"twitter:data1\" content=\"Andreas Sj\u00f6blom\" \/>\n\t<meta name=\"twitter:label2\" content=\"Arvioitu lukuaika\" \/>\n\t<meta name=\"twitter:data2\" content=\"1 minuutti\" \/>\n<script type=\"application\/ld+json\" class=\"yoast-schema-graph\">{\"@context\":\"https:\/\/schema.org\",\"@graph\":[{\"@type\":\"WebPage\",\"@id\":\"https:\/\/www.finbandy.fi\/fi\/syyskokous-kutsuu-jaapallovaen-poriin\/\",\"url\":\"https:\/\/www.finbandy.fi\/fi\/syyskokous-kutsuu-jaapallovaen-poriin\/\",\"name\":\"Syyskokous kutsuu j\u00e4\u00e4pallov\u00e4en Poriin! - Suomen J\u00e4\u00e4palloliitto\",\"isPartOf\":{\"@id\":\"https:\/\/www.finbandy.fi\/fi\/#website\"},\"datePublished\":\"2025-08-22T10:16:00+00:00\",\"dateModified\":\"2025-08-22T10:16:03+00:00\",\"author\":{\"@id\":\"https:\/\/www.finbandy.fi\/fi\/#\/schema\/person\/60be08507b06fd99f807e9e7fafbe922\"},\"breadcrumb\":{\"@id\":\"https:\/\/www.finbandy.fi\/fi\/syyskokous-kutsuu-jaapallovaen-poriin\/#breadcrumb\"},\"inLanguage\":\"fi\",\"potentialAction\":[{\"@type\":\"ReadAction\",\"target\":[\"https:\/\/www.finbandy.fi\/fi\/syyskokous-kutsuu-jaapallovaen-poriin\/\"]}]},{\"@type\":\"BreadcrumbList\",\"@id\":\"https:\/\/www.finbandy.fi\/fi\/syyskokous-kutsuu-jaapallovaen-poriin\/#breadcrumb\",\"itemListElement\":[{\"@type\":\"ListItem\",\"position\":1,\"name\":\"Etusivu\",\"item\":\"https:\/\/www.finbandy.fi\/fi\/\"},{\"@type\":\"ListItem\",\"position\":2,\"name\":\"Syyskokous kutsuu j\u00e4\u00e4pallov\u00e4en Poriin!\"}]},{\"@type\":\"WebSite\",\"@id\":\"https:\/\/www.finbandy.fi\/fi\/#website\",\"url\":\"https:\/\/www.finbandy.fi\/fi\/\",\"name\":\"Suomen J\u00e4\u00e4palloliitto\",\"description\":\"\",\"potentialAction\":[{\"@type\":\"SearchAction\",\"target\":{\"@type\":\"EntryPoint\",\"urlTemplate\":\"https:\/\/www.finbandy.fi\/fi\/?s={search_term_string}\"},\"query-input\":\"required name=search_term_string\"}],\"inLanguage\":\"fi\"},{\"@type\":\"Person\",\"@id\":\"https:\/\/www.finbandy.fi\/fi\/#\/schema\/person\/60be08507b06fd99f807e9e7fafbe922\",\"name\":\"Andreas Sj\u00f6blom\",\"url\":\"https:\/\/www.finbandy.fi\/fi\/author\/andreas\/\"}]}<\/script>\n<!-- \/ Yoast SEO plugin. -->","yoast_head_json":{"title":"Syyskokous kutsuu j\u00e4\u00e4pallov\u00e4en Poriin! - Suomen J\u00e4\u00e4palloliitto","robots":{"index":"index","follow":"follow","max-snippet":"max-snippet:-1","max-image-preview":"max-image-preview:large","max-video-preview":"max-video-preview:-1"},"canonical":"https:\/\/www.finbandy.fi\/fi\/syyskokous-kutsuu-jaapallovaen-poriin\/","og_locale":"fi_FI","og_type":"article","og_title":"Syyskokous kutsuu j\u00e4\u00e4pallov\u00e4en Poriin! - Suomen J\u00e4\u00e4palloliitto","og_description":"Suomen J\u00e4\u00e4palloliiton liittokokous j\u00e4rjestet\u00e4\u00e4n lauantaina 18.10.2025 klo 12.00 alkaen Poriin, jossa tammikuussa j\u00e4rjestet\u00e4\u00e4n miesten ja naisten MM-kisat. Kokouspaikkana toimii Asiantuntijakeskus BEPOP (Isolinnankatu 21 E, 5.krs). Syysliittokokouksessa k\u00e4sitell\u00e4\u00e4n liiton s\u00e4\u00e4nt\u00f6jen \u00a718 mukaiset s\u00e4\u00e4nt\u00f6m\u00e4\u00e4r\u00e4iset asiat ja valitaan kurinpitovaliokuntaan tarvittavat j\u00e4senet. Lopullinen ohjelma ja aikataulu vahvistetaan viimeist\u00e4\u00e4n kaksi viikkoa ennen kokousta. Ilmoittautumiset viimeist\u00e4\u00e4n 2.10.2025 s\u00e4hk\u00f6postitse toiminnanjohtajalle Tobias Karlssonille [&hellip;]","og_url":"https:\/\/www.finbandy.fi\/fi\/syyskokous-kutsuu-jaapallovaen-poriin\/","og_site_name":"Suomen J\u00e4\u00e4palloliitto","article_published_time":"2025-08-22T10:16:00+00:00","article_modified_time":"2025-08-22T10:16:03+00:00","og_image":[{"width":1271,"height":816,"url":"https:\/\/www.finbandy.fi\/fi\/wp-content\/uploads\/2025\/08\/SJPL-logo-2025.jpeg","type":"image\/jpeg"}],"author":"Andreas Sj\u00f6blom","twitter_card":"summary_large_image","twitter_misc":{"Kirjoittanut":"Andreas Sj\u00f6blom","Arvioitu lukuaika":"1 minuutti"},"schema":{"@context":"https:\/\/schema.org","@graph":[{"@type":"WebPage","@id":"https:\/\/www.finbandy.fi\/fi\/syyskokous-kutsuu-jaapallovaen-poriin\/","url":"https:\/\/www.finbandy.fi\/fi\/syyskokous-kutsuu-jaapallovaen-poriin\/","name":"Syyskokous kutsuu j\u00e4\u00e4pallov\u00e4en Poriin! - Suomen J\u00e4\u00e4palloliitto","isPartOf":{"@id":"https:\/\/www.finbandy.fi\/fi\/#website"},"datePublished":"2025-08-22T10:16:00+00:00","dateModified":"2025-08-22T10:16:03+00:00","author":{"@id":"https:\/\/www.finbandy.fi\/fi\/#\/schema\/person\/60be08507b06fd99f807e9e7fafbe922"},"breadcrumb":{"@id":"https:\/\/www.finbandy.fi\/fi\/syyskokous-kutsuu-jaapallovaen-poriin\/#breadcrumb"},"inLanguage":"fi","potentialAction":[{"@type":"ReadAction","target":["https:\/\/www.finbandy.fi\/fi\/syyskokous-kutsuu-jaapallovaen-poriin\/"]}]},{"@type":"BreadcrumbList","@id":"https:\/\/www.finbandy.fi\/fi\/syyskokous-kutsuu-jaapallovaen-poriin\/#breadcrumb","itemListElement":[{"@type":"ListItem","position":1,"name":"Etusivu","item":"https:\/\/www.finbandy.fi\/fi\/"},{"@type":"ListItem","position":2,"name":"Syyskokous kutsuu j\u00e4\u00e4pallov\u00e4en Poriin!"}]},{"@type":"WebSite","@id":"https:\/\/www.finbandy.fi\/fi\/#website","url":"https:\/\/www.finbandy.fi\/fi\/","name":"Suomen J\u00e4\u00e4palloliitto","description":"","potentialAction":[{"@type":"SearchAction","target":{"@type":"EntryPoint","urlTemplate":"https:\/\/www.finbandy.fi\/fi\/?s={search_term_string}"},"query-input":"required name=search_term_string"}],"inLanguage":"fi"},{"@type":"Person","@id":"https:\/\/www.finbandy.fi\/fi\/#\/schema\/person\/60be08507b06fd99f807e9e7fafbe922","name":"Andreas Sj\u00f6blom","url":"https:\/\/www.finbandy.fi\/fi\/author\/andreas\/"}]}},"_links":{"self":[{"href":"https:\/\/www.finbandy.fi\/fi\/wp-json\/wp\/v2\/posts\/23799"}],"collection":[{"href":"https:\/\/www.finbandy.fi\/fi\/wp-json\/wp\/v2\/posts"}],"about":[{"href":"https:\/\/www.finbandy.fi\/fi\/wp-json\/wp\/v2\/types\/post"}],"author":[{"embeddable":true,"href":"https:\/\/www.finbandy.fi\/fi\/wp-json\/wp\/v2\/users\/21"}],"replies":[{"embeddable":true,"href":"https:\/\/www.finbandy.fi\/fi\/wp-json\/wp\/v2\/comments?post=23799"}],"version-history":[{"count":1,"href":"https:\/\/www.finbandy.fi\/fi\/wp-json\/wp\/v2\/posts\/23799\/revisions"}],"predecessor-version":[{"id":23801,"href":"https:\/\/www.finbandy.fi\/fi\/wp-json\/wp\/v2\/posts\/23799\/revisions\/23801"}],"wp:featuredmedia":[{"embeddable":true,"href":"https:\/\/www.finbandy.fi\/fi\/wp-json\/wp\/v2\/media\/23800"}],"wp:attachment":[{"href":"https:\/\/www.finbandy.fi\/fi\/wp-json\/wp\/v2\/media?parent=23799"}],"wp:term":[{"taxonomy":"category","embeddable":true,"href":"https:\/\/www.finbandy.fi\/fi\/wp-json\/wp\/v2\/categories?post=23799"},{"taxonomy":"post_tag","embeddable":true,"href":"https:\/\/www.finbandy.fi\/fi\/wp-json\/wp\/v2\/tags?post=23799"}],"curies":[{"name":"wp","href":"https:\/\/api.w.org\/{rel}","templated":true}]}}