{"id":24441,"date":"2026-01-26T19:52:46","date_gmt":"2026-01-26T17:52:46","guid":{"rendered":"https:\/\/www.finbandy.fi\/fi\/?p=24441"},"modified":"2026-01-27T11:06:55","modified_gmt":"2026-01-27T09:06:55","slug":"t17-maajoukkueen-tarkkailuryhma-nimetty","status":"publish","type":"post","link":"https:\/\/www.finbandy.fi\/fi\/t17-maajoukkueen-tarkkailuryhma-nimetty\/","title":{"rendered":"T17-maajoukkueen tarkkailuryhm\u00e4 nimetty"},"content":{"rendered":"<div id=\"wp_fb_like_button\" style=\"margin:5px 0;float:none;height:50px;\"><script src=\"http:\/\/connect.facebook.net\/en_US\/all.js#xfbml=1\"><\/script><fb:like href=\"https:\/\/www.finbandy.fi\/fi\/t17-maajoukkueen-tarkkailuryhma-nimetty\/\" send=\"true\" layout=\"button_count\" width=\"400\" show_faces=\"false\" font=\"arial\" action=\"like\" colorscheme=\"light\"><\/fb:like><\/div>\n<p>Suomen T17-maajoukkueen valmennuskaksikko Joni Maaranen ja Martti Lousti ovat nimenneet ik\u00e4luokan tarkkailuryhm\u00e4n. Ryhm\u00e4n, jonka p\u00e4\u00e4t\u00e4ht\u00e4in on kev\u00e4\u00e4ll\u00e4 2026 Uppsalassa pelattavissa MM-kisoissa, on tarkoitus kokoontua harjoitusleirin merkeiss\u00e4 Mikkeliin helmikuun 15. p\u00e4iv\u00e4.<\/p>\n<p>&#8211; Olemme tehneet pelaajatarkkailua Naisten Bandyliigan, nuorten sarjojen sek\u00e4 Training Campin yhteydess\u00e4. Nyt julkistettua ryhm\u00e4\u00e4 t\u00e4ydennet\u00e4\u00e4n tarvittaessa, sanoo Martti Lousti.<\/p>\n<p>Uppsala is\u00e4nn\u00f6i j\u00e4\u00e4pallon nuorten maailmanmestaruuskilpailuja 26.-29. maaliskuuta 2026. Ensimm\u00e4ist\u00e4 kertaa P19-, P17- ja T17-ik\u00e4luokkien MM-kisat pelataan samanaikaisesti samassa paikassa.<\/p>\n<p>&#8211; Kisoihin l\u00e4htev\u00e4 lopullinen joukkue tulee koostumaan 2011-2008 syntyneist\u00e4 pelaajista Kansainv\u00e4lisen J\u00e4\u00e4palloliiton FIB:n s\u00e4\u00e4nt\u00f6jen puitteissa, sanoo Lousti.<\/p>\n<p>Mikkelin leirin tarkoitus on rakentaa joukkue MM-kisoihin, mutta my\u00f6s kartoittaa j\u00e4\u00e4palloa pelaavien tytt\u00f6jen tilannetta Suomessa. Tapahtumaan on t\u00e4st\u00e4 syyst\u00e4 kutsuttu my\u00f6s nuorempia pelaajia tulevia vuosia silm\u00e4ll\u00e4 pit\u00e4en.<\/p>\n<p>Ilmoituslinkki tapahtumaan l\u00f6ytyy osoitteesta: <a href=\"https:\/\/www.suomisport.fi\/events\/5d173423-f8c8-435a-9101-93c0c28fc0ad\">https:\/\/www.suomisport.fi\/events\/5d173423-f8c8-435a-9101-93c0c28fc0ad<\/a><\/p>\n<p>Suomen T17-maajoukkueen tarkkailuryhm\u00e4\/Mikkelin leirille kutsutut pelaajat.<\/p>\n<p>Maalivahdit: Varpu Koppelom\u00e4ki Naruker\u00e4\/Wiipurin Sudet<\/p>\n<p>Kentt\u00e4pelaajat: Ingrid Feiring Vesta, Siiri Hurri Kampparit, Aino Kannelniemi Wiipurin Sudet, Jessica Kiet\u00e4v\u00e4inen Wiipurin Sudet, Pipsa Maaranen Kampparit\/KBK, Sanni Maaranen Kampparit\/KBK, Martta Niemi Akilles, Wilhelmiina Niiranen WP35\/ Akilles, Elsa Oras Akilles, Meriella Rajala Akilles, Sylvi Roivas Kamppparit\/KBK, Minttu Sepp\u00e4 Kampparit\/ KBK, Meri Sund Botnia, Heidi Sundqvist HIFK, Jenna Kastevaara Kampparit\/ KBK, Iida Heija Wiipurin Sudet, Liinu Kainulainen Akilles, Henriikka Hoppu Wiipurin Sudet, Emilia Savolainen Wiipurin Sudet, Emmi Berg JPS Juniorit.<\/p>\n<p>Valmentajat: Joni Maaranen, Martti Lousti, joukkueenjohtaja: Raisa Koppelom\u00e4ki, huoltaja: Tiina Vesala.<\/p>\n","protected":false},"excerpt":{"rendered":"<p>Suomen T17-maajoukkueen valmennuskaksikko Joni Maaranen ja Martti Lousti ovat nimenneet ik\u00e4luokan tarkkailuryhm\u00e4n. Ryhm\u00e4n, jonka p\u00e4\u00e4t\u00e4ht\u00e4in on kev\u00e4\u00e4ll\u00e4 2026 Uppsalassa pelattavissa MM-kisoissa, on tarkoitus kokoontua harjoitusleirin merkeiss\u00e4 Mikkeliin helmikuun 15. p\u00e4iv\u00e4. &#8211; Olemme tehneet pelaajatarkkailua Naisten Bandyliigan, nuorten sarjojen sek\u00e4 Training Campin yhteydess\u00e4. Nyt julkistettua ryhm\u00e4\u00e4 t\u00e4ydennet\u00e4\u00e4n tarvittaessa, sanoo Martti Lousti. Uppsala is\u00e4nn\u00f6i j\u00e4\u00e4pallon nuorten maailmanmestaruuskilpailuja [&hellip;]<\/p>\n","protected":false},"author":21,"featured_media":23866,"comment_status":"open","ping_status":"open","sticky":true,"template":"","format":"standard","meta":{"_monsterinsights_skip_tracking":false,"_monsterinsights_sitenote_active":false,"_monsterinsights_sitenote_note":"","_monsterinsights_sitenote_category":0,"site-sidebar-layout":"default","site-content-layout":"","ast-site-content-layout":"default","site-content-style":"default","site-sidebar-style":"default","ast-global-header-display":"","ast-banner-title-visibility":"","ast-main-header-display":"","ast-hfb-above-header-display":"","ast-hfb-below-header-display":"","ast-hfb-mobile-header-display":"","site-post-title":"","ast-breadcrumbs-content":"","ast-featured-img":"","footer-sml-layout":"","theme-transparent-header-meta":"","adv-header-id-meta":"","stick-header-meta":"","header-above-stick-meta":"","header-main-stick-meta":"","header-below-stick-meta":"","astra-migrate-meta-layouts":"set","ast-page-background-enabled":"default","ast-page-background-meta":{"desktop":{"background-color":"var(--ast-global-color-4)","background-image":"","background-repeat":"repeat","background-position":"center center","background-size":"auto","background-attachment":"scroll","background-type":"","background-media":"","overlay-type":"","overlay-color":"","overlay-opacity":"","overlay-gradient":""},"tablet":{"background-color":"","background-image":"","background-repeat":"repeat","background-position":"center center","background-size":"auto","background-attachment":"scroll","background-type":"","background-media":"","overlay-type":"","overlay-color":"","overlay-opacity":"","overlay-gradient":""},"mobile":{"background-color":"","background-image":"","background-repeat":"repeat","background-position":"center center","background-size":"auto","background-attachment":"scroll","background-type":"","background-media":"","overlay-type":"","overlay-color":"","overlay-opacity":"","overlay-gradient":""}},"ast-content-background-meta":{"desktop":{"background-color":"var(--ast-global-color-5)","background-image":"","background-repeat":"repeat","background-position":"center center","background-size":"auto","background-attachment":"scroll","background-type":"","background-media":"","overlay-type":"","overlay-color":"","overlay-opacity":"","overlay-gradient":""},"tablet":{"background-color":"var(--ast-global-color-5)","background-image":"","background-repeat":"repeat","background-position":"center center","background-size":"auto","background-attachment":"scroll","background-type":"","background-media":"","overlay-type":"","overlay-color":"","overlay-opacity":"","overlay-gradient":""},"mobile":{"background-color":"var(--ast-global-color-5)","background-image":"","background-repeat":"repeat","background-position":"center center","background-size":"auto","background-attachment":"scroll","background-type":"","background-media":"","overlay-type":"","overlay-color":"","overlay-opacity":"","overlay-gradient":""}},"footnotes":"","_expiration-date-status":"","_expiration-date":0,"_expiration-date-type":"","_expiration-date-categories":[],"_expiration-date-options":[]},"categories":[5,10],"tags":[],"class_list":["post-24441","post","type-post","status-publish","format-standard","has-post-thumbnail","hentry","category-liitto-tiedottaa","category-maajoukkueet"],"yoast_head":"<!-- This site is optimized with the Yoast SEO plugin v19.7.1 - https:\/\/yoast.com\/wordpress\/plugins\/seo\/ -->\n<title>T17-maajoukkueen tarkkailuryhm\u00e4 nimetty - Suomen J\u00e4\u00e4palloliitto<\/title>\n<meta name=\"robots\" content=\"index, follow, max-snippet:-1, max-image-preview:large, max-video-preview:-1\" \/>\n<link rel=\"canonical\" href=\"https:\/\/www.finbandy.fi\/fi\/t17-maajoukkueen-tarkkailuryhma-nimetty\/\" \/>\n<meta property=\"og:locale\" content=\"fi_FI\" \/>\n<meta property=\"og:type\" content=\"article\" \/>\n<meta property=\"og:title\" content=\"T17-maajoukkueen tarkkailuryhm\u00e4 nimetty - Suomen J\u00e4\u00e4palloliitto\" \/>\n<meta property=\"og:description\" content=\"Suomen T17-maajoukkueen valmennuskaksikko Joni Maaranen ja Martti Lousti ovat nimenneet ik\u00e4luokan tarkkailuryhm\u00e4n. Ryhm\u00e4n, jonka p\u00e4\u00e4t\u00e4ht\u00e4in on kev\u00e4\u00e4ll\u00e4 2026 Uppsalassa pelattavissa MM-kisoissa, on tarkoitus kokoontua harjoitusleirin merkeiss\u00e4 Mikkeliin helmikuun 15. p\u00e4iv\u00e4. &#8211; Olemme tehneet pelaajatarkkailua Naisten Bandyliigan, nuorten sarjojen sek\u00e4 Training Campin yhteydess\u00e4. Nyt julkistettua ryhm\u00e4\u00e4 t\u00e4ydennet\u00e4\u00e4n tarvittaessa, sanoo Martti Lousti. Uppsala is\u00e4nn\u00f6i j\u00e4\u00e4pallon nuorten maailmanmestaruuskilpailuja [&hellip;]\" \/>\n<meta property=\"og:url\" content=\"https:\/\/www.finbandy.fi\/fi\/t17-maajoukkueen-tarkkailuryhma-nimetty\/\" \/>\n<meta property=\"og:site_name\" content=\"Suomen J\u00e4\u00e4palloliitto\" \/>\n<meta property=\"article:published_time\" content=\"2026-01-26T17:52:46+00:00\" \/>\n<meta property=\"article:modified_time\" content=\"2026-01-27T09:06:55+00:00\" \/>\n<meta property=\"og:image\" content=\"https:\/\/www.finbandy.fi\/fi\/wp-content\/uploads\/2025\/10\/logga_YBWC2026.png\" \/>\n\t<meta property=\"og:image:width\" content=\"467\" \/>\n\t<meta property=\"og:image:height\" content=\"439\" \/>\n\t<meta property=\"og:image:type\" content=\"image\/png\" \/>\n<meta name=\"author\" content=\"Andreas Sj\u00f6blom\" \/>\n<meta name=\"twitter:card\" content=\"summary_large_image\" \/>\n<meta name=\"twitter:label1\" content=\"Kirjoittanut\" \/>\n\t<meta name=\"twitter:data1\" content=\"Andreas Sj\u00f6blom\" \/>\n\t<meta name=\"twitter:label2\" content=\"Arvioitu lukuaika\" \/>\n\t<meta name=\"twitter:data2\" content=\"2 minuuttia\" \/>\n<script type=\"application\/ld+json\" class=\"yoast-schema-graph\">{\"@context\":\"https:\/\/schema.org\",\"@graph\":[{\"@type\":\"WebPage\",\"@id\":\"https:\/\/www.finbandy.fi\/fi\/t17-maajoukkueen-tarkkailuryhma-nimetty\/\",\"url\":\"https:\/\/www.finbandy.fi\/fi\/t17-maajoukkueen-tarkkailuryhma-nimetty\/\",\"name\":\"T17-maajoukkueen tarkkailuryhm\u00e4 nimetty - Suomen J\u00e4\u00e4palloliitto\",\"isPartOf\":{\"@id\":\"https:\/\/www.finbandy.fi\/fi\/#website\"},\"datePublished\":\"2026-01-26T17:52:46+00:00\",\"dateModified\":\"2026-01-27T09:06:55+00:00\",\"author\":{\"@id\":\"https:\/\/www.finbandy.fi\/fi\/#\/schema\/person\/60be08507b06fd99f807e9e7fafbe922\"},\"breadcrumb\":{\"@id\":\"https:\/\/www.finbandy.fi\/fi\/t17-maajoukkueen-tarkkailuryhma-nimetty\/#breadcrumb\"},\"inLanguage\":\"fi\",\"potentialAction\":[{\"@type\":\"ReadAction\",\"target\":[\"https:\/\/www.finbandy.fi\/fi\/t17-maajoukkueen-tarkkailuryhma-nimetty\/\"]}]},{\"@type\":\"BreadcrumbList\",\"@id\":\"https:\/\/www.finbandy.fi\/fi\/t17-maajoukkueen-tarkkailuryhma-nimetty\/#breadcrumb\",\"itemListElement\":[{\"@type\":\"ListItem\",\"position\":1,\"name\":\"Etusivu\",\"item\":\"https:\/\/www.finbandy.fi\/fi\/\"},{\"@type\":\"ListItem\",\"position\":2,\"name\":\"T17-maajoukkueen tarkkailuryhm\u00e4 nimetty\"}]},{\"@type\":\"WebSite\",\"@id\":\"https:\/\/www.finbandy.fi\/fi\/#website\",\"url\":\"https:\/\/www.finbandy.fi\/fi\/\",\"name\":\"Suomen J\u00e4\u00e4palloliitto\",\"description\":\"\",\"potentialAction\":[{\"@type\":\"SearchAction\",\"target\":{\"@type\":\"EntryPoint\",\"urlTemplate\":\"https:\/\/www.finbandy.fi\/fi\/?s={search_term_string}\"},\"query-input\":\"required name=search_term_string\"}],\"inLanguage\":\"fi\"},{\"@type\":\"Person\",\"@id\":\"https:\/\/www.finbandy.fi\/fi\/#\/schema\/person\/60be08507b06fd99f807e9e7fafbe922\",\"name\":\"Andreas Sj\u00f6blom\",\"url\":\"https:\/\/www.finbandy.fi\/fi\/author\/andreas\/\"}]}<\/script>\n<!-- \/ Yoast SEO plugin. -->","yoast_head_json":{"title":"T17-maajoukkueen tarkkailuryhm\u00e4 nimetty - Suomen J\u00e4\u00e4palloliitto","robots":{"index":"index","follow":"follow","max-snippet":"max-snippet:-1","max-image-preview":"max-image-preview:large","max-video-preview":"max-video-preview:-1"},"canonical":"https:\/\/www.finbandy.fi\/fi\/t17-maajoukkueen-tarkkailuryhma-nimetty\/","og_locale":"fi_FI","og_type":"article","og_title":"T17-maajoukkueen tarkkailuryhm\u00e4 nimetty - Suomen J\u00e4\u00e4palloliitto","og_description":"Suomen T17-maajoukkueen valmennuskaksikko Joni Maaranen ja Martti Lousti ovat nimenneet ik\u00e4luokan tarkkailuryhm\u00e4n. Ryhm\u00e4n, jonka p\u00e4\u00e4t\u00e4ht\u00e4in on kev\u00e4\u00e4ll\u00e4 2026 Uppsalassa pelattavissa MM-kisoissa, on tarkoitus kokoontua harjoitusleirin merkeiss\u00e4 Mikkeliin helmikuun 15. p\u00e4iv\u00e4. &#8211; Olemme tehneet pelaajatarkkailua Naisten Bandyliigan, nuorten sarjojen sek\u00e4 Training Campin yhteydess\u00e4. Nyt julkistettua ryhm\u00e4\u00e4 t\u00e4ydennet\u00e4\u00e4n tarvittaessa, sanoo Martti Lousti. Uppsala is\u00e4nn\u00f6i j\u00e4\u00e4pallon nuorten maailmanmestaruuskilpailuja [&hellip;]","og_url":"https:\/\/www.finbandy.fi\/fi\/t17-maajoukkueen-tarkkailuryhma-nimetty\/","og_site_name":"Suomen J\u00e4\u00e4palloliitto","article_published_time":"2026-01-26T17:52:46+00:00","article_modified_time":"2026-01-27T09:06:55+00:00","og_image":[{"width":467,"height":439,"url":"https:\/\/www.finbandy.fi\/fi\/wp-content\/uploads\/2025\/10\/logga_YBWC2026.png","type":"image\/png"}],"author":"Andreas Sj\u00f6blom","twitter_card":"summary_large_image","twitter_misc":{"Kirjoittanut":"Andreas Sj\u00f6blom","Arvioitu lukuaika":"2 minuuttia"},"schema":{"@context":"https:\/\/schema.org","@graph":[{"@type":"WebPage","@id":"https:\/\/www.finbandy.fi\/fi\/t17-maajoukkueen-tarkkailuryhma-nimetty\/","url":"https:\/\/www.finbandy.fi\/fi\/t17-maajoukkueen-tarkkailuryhma-nimetty\/","name":"T17-maajoukkueen tarkkailuryhm\u00e4 nimetty - Suomen J\u00e4\u00e4palloliitto","isPartOf":{"@id":"https:\/\/www.finbandy.fi\/fi\/#website"},"datePublished":"2026-01-26T17:52:46+00:00","dateModified":"2026-01-27T09:06:55+00:00","author":{"@id":"https:\/\/www.finbandy.fi\/fi\/#\/schema\/person\/60be08507b06fd99f807e9e7fafbe922"},"breadcrumb":{"@id":"https:\/\/www.finbandy.fi\/fi\/t17-maajoukkueen-tarkkailuryhma-nimetty\/#breadcrumb"},"inLanguage":"fi","potentialAction":[{"@type":"ReadAction","target":["https:\/\/www.finbandy.fi\/fi\/t17-maajoukkueen-tarkkailuryhma-nimetty\/"]}]},{"@type":"BreadcrumbList","@id":"https:\/\/www.finbandy.fi\/fi\/t17-maajoukkueen-tarkkailuryhma-nimetty\/#breadcrumb","itemListElement":[{"@type":"ListItem","position":1,"name":"Etusivu","item":"https:\/\/www.finbandy.fi\/fi\/"},{"@type":"ListItem","position":2,"name":"T17-maajoukkueen tarkkailuryhm\u00e4 nimetty"}]},{"@type":"WebSite","@id":"https:\/\/www.finbandy.fi\/fi\/#website","url":"https:\/\/www.finbandy.fi\/fi\/","name":"Suomen J\u00e4\u00e4palloliitto","description":"","potentialAction":[{"@type":"SearchAction","target":{"@type":"EntryPoint","urlTemplate":"https:\/\/www.finbandy.fi\/fi\/?s={search_term_string}"},"query-input":"required name=search_term_string"}],"inLanguage":"fi"},{"@type":"Person","@id":"https:\/\/www.finbandy.fi\/fi\/#\/schema\/person\/60be08507b06fd99f807e9e7fafbe922","name":"Andreas Sj\u00f6blom","url":"https:\/\/www.finbandy.fi\/fi\/author\/andreas\/"}]}},"_links":{"self":[{"href":"https:\/\/www.finbandy.fi\/fi\/wp-json\/wp\/v2\/posts\/24441"}],"collection":[{"href":"https:\/\/www.finbandy.fi\/fi\/wp-json\/wp\/v2\/posts"}],"about":[{"href":"https:\/\/www.finbandy.fi\/fi\/wp-json\/wp\/v2\/types\/post"}],"author":[{"embeddable":true,"href":"https:\/\/www.finbandy.fi\/fi\/wp-json\/wp\/v2\/users\/21"}],"replies":[{"embeddable":true,"href":"https:\/\/www.finbandy.fi\/fi\/wp-json\/wp\/v2\/comments?post=24441"}],"version-history":[{"count":2,"href":"https:\/\/www.finbandy.fi\/fi\/wp-json\/wp\/v2\/posts\/24441\/revisions"}],"predecessor-version":[{"id":24443,"href":"https:\/\/www.finbandy.fi\/fi\/wp-json\/wp\/v2\/posts\/24441\/revisions\/24443"}],"wp:featuredmedia":[{"embeddable":true,"href":"https:\/\/www.finbandy.fi\/fi\/wp-json\/wp\/v2\/media\/23866"}],"wp:attachment":[{"href":"https:\/\/www.finbandy.fi\/fi\/wp-json\/wp\/v2\/media?parent=24441"}],"wp:term":[{"taxonomy":"category","embeddable":true,"href":"https:\/\/www.finbandy.fi\/fi\/wp-json\/wp\/v2\/categories?post=24441"},{"taxonomy":"post_tag","embeddable":true,"href":"https:\/\/www.finbandy.fi\/fi\/wp-json\/wp\/v2\/tags?post=24441"}],"curies":[{"name":"wp","href":"https:\/\/api.w.org\/{rel}","templated":true}]}}