{"id":24584,"date":"2026-03-11T21:55:09","date_gmt":"2026-03-11T19:55:09","guid":{"rendered":"https:\/\/www.finbandy.fi\/fi\/?p=24584"},"modified":"2026-03-11T21:55:11","modified_gmt":"2026-03-11T19:55:11","slug":"p19-maajoukkueen-mm-kisajoukkue-valittu","status":"publish","type":"post","link":"https:\/\/www.finbandy.fi\/fi\/p19-maajoukkueen-mm-kisajoukkue-valittu\/","title":{"rendered":"P19-maajoukkueen MM-kisajoukkue valittu"},"content":{"rendered":"<div id=\"wp_fb_like_button\" style=\"margin:5px 0;float:none;height:50px;\"><script src=\"http:\/\/connect.facebook.net\/en_US\/all.js#xfbml=1\"><\/script><fb:like href=\"https:\/\/www.finbandy.fi\/fi\/p19-maajoukkueen-mm-kisajoukkue-valittu\/\" send=\"true\" layout=\"button_count\" width=\"400\" show_faces=\"false\" font=\"arial\" action=\"like\" colorscheme=\"light\"><\/fb:like><\/div>\n<p>Suomen P19-maajoukkueen valmentajat Tero Kumela ja Kimmo Huotelin ovat valinneet lopullisen joukkueen Ruotsin Uppsalassa 26-29.3.2026 pelattaviin ik\u00e4luokan MM-kisoihin.<\/p>\n<p>&#8211; Ilman muuta l\u00e4hdet\u00e4\u00e4n turnaukseen positiivisin mielin. Meill\u00e4 on koossa hyv\u00e4 ja urheilullinen ryhm\u00e4 t\u00e4ynn\u00e4 tulevaisuuden j\u00e4\u00e4pallolupauksia, sanoo Kimmo Huotelin.<\/p>\n<p>&#8211; Pieni haaste on j\u00e4\u00e4tuntuman yll\u00e4pit\u00e4minen nyt kun kelit l\u00e4mpeniv\u00e4t yll\u00e4tt\u00e4v\u00e4n nopeasti, mutta en n\u00e4e tuota suurena ongelmana. Meill\u00e4 on kuitenkin kokenut ja tuttu ryhm\u00e4ss\u00e4 kasassa, pois lukien yksi ensikertalainen (Lucas Lukkarila).<\/p>\n<p>Turnaus on siin\u00e4 mieless\u00e4 erityinen, ett\u00e4 ensimm\u00e4ist\u00e4 kertaa P19-,P17- ja T17-ik\u00e4luokkien mestaruudet ratkotaan samanaikaisesti ja samassa paikassa. Kaikki ottelut pelataan Uppsala BoIS:in kotiareenalla Serwenthallenissa.<\/p>\n<p>Turnauksen otteluohjelma l\u00f6ytyy osoitteesta: <a href=\"https:\/\/bandyvm.com\/bandy-youth-world-championship-2026\/schedule\/\">https:\/\/bandyvm.com\/bandy-youth-world-championship-2026\/schedule\/<\/a>. Runkosarjassa joukkueet (Suomi, Ruotsin, Norjan) kohtaavat toisensa kahdesti, jonka j\u00e4lkeen kaksi parasta joukkuetta etenev\u00e4t finaaliin.<\/p>\n<p>&#8211; Mielenkiinnolla l\u00e4hdet\u00e4\u00e4n taistelemaan joka ottelussa. Tavoitteena on tuoda ik\u00e4luokan ensimm\u00e4inen MM-kulta Suomeen, sanoo Huotelin.<\/p>\n<p><strong>Suomen P19-maajoukkue Uppsalan MM-kisoihin:<\/strong><\/p>\n<p>Maalivahdit: Iivo Korhonen Kampparit, Jonas Isonen Bolln\u00e4s GIF.<\/p>\n<p>Kentt\u00e4pelaajat: Eelis Arponen Naruker\u00e4, Viljami Kumela Kampparit, Olavi Erkkil\u00e4 Naruker\u00e4, Eeli B\u00f6hm JPS, Paavo Tapio Kampparit, Jere Immonen Kampparit, Oskari Kokko Kampparit, Arttu V\u00e4kiparta HIFK, Simo Huotelin Kampparit, Paavo Simpura Veiter\u00e4, Niilo Puhakainen Veiter\u00e4, Joonas Hintikka Bolln\u00e4s GIF, Lucas Lukkarila IFK V\u00e4nersborg, Elias Gustafsson V\u00e4stanfors IF.<\/p>\n<p>Valmentajat: Tero Kumela, Kimmo Huotelin, joukkueenjohtaja: Joonas Immonen, huoltaja: Tom Niiranen.<\/p>\n\n\n","protected":false},"excerpt":{"rendered":"<p>Suomen P19-maajoukkueen valmentajat Tero Kumela ja Kimmo Huotelin ovat valinneet lopullisen joukkueen Ruotsin Uppsalassa 26-29.3.2026 pelattaviin ik\u00e4luokan MM-kisoihin. &#8211; Ilman muuta l\u00e4hdet\u00e4\u00e4n turnaukseen positiivisin mielin. Meill\u00e4 on koossa hyv\u00e4 ja urheilullinen ryhm\u00e4 t\u00e4ynn\u00e4 tulevaisuuden j\u00e4\u00e4pallolupauksia, sanoo Kimmo Huotelin. &#8211; Pieni haaste on j\u00e4\u00e4tuntuman yll\u00e4pit\u00e4minen nyt kun kelit l\u00e4mpeniv\u00e4t yll\u00e4tt\u00e4v\u00e4n nopeasti, mutta en n\u00e4e tuota suurena [&hellip;]<\/p>\n","protected":false},"author":21,"featured_media":23866,"comment_status":"open","ping_status":"open","sticky":true,"template":"","format":"standard","meta":{"_monsterinsights_skip_tracking":false,"_monsterinsights_sitenote_active":false,"_monsterinsights_sitenote_note":"","_monsterinsights_sitenote_category":0,"site-sidebar-layout":"default","site-content-layout":"","ast-site-content-layout":"default","site-content-style":"default","site-sidebar-style":"default","ast-global-header-display":"","ast-banner-title-visibility":"","ast-main-header-display":"","ast-hfb-above-header-display":"","ast-hfb-below-header-display":"","ast-hfb-mobile-header-display":"","site-post-title":"","ast-breadcrumbs-content":"","ast-featured-img":"","footer-sml-layout":"","theme-transparent-header-meta":"","adv-header-id-meta":"","stick-header-meta":"","header-above-stick-meta":"","header-main-stick-meta":"","header-below-stick-meta":"","astra-migrate-meta-layouts":"set","ast-page-background-enabled":"default","ast-page-background-meta":{"desktop":{"background-color":"var(--ast-global-color-4)","background-image":"","background-repeat":"repeat","background-position":"center center","background-size":"auto","background-attachment":"scroll","background-type":"","background-media":"","overlay-type":"","overlay-color":"","overlay-opacity":"","overlay-gradient":""},"tablet":{"background-color":"","background-image":"","background-repeat":"repeat","background-position":"center center","background-size":"auto","background-attachment":"scroll","background-type":"","background-media":"","overlay-type":"","overlay-color":"","overlay-opacity":"","overlay-gradient":""},"mobile":{"background-color":"","background-image":"","background-repeat":"repeat","background-position":"center center","background-size":"auto","background-attachment":"scroll","background-type":"","background-media":"","overlay-type":"","overlay-color":"","overlay-opacity":"","overlay-gradient":""}},"ast-content-background-meta":{"desktop":{"background-color":"var(--ast-global-color-5)","background-image":"","background-repeat":"repeat","background-position":"center center","background-size":"auto","background-attachment":"scroll","background-type":"","background-media":"","overlay-type":"","overlay-color":"","overlay-opacity":"","overlay-gradient":""},"tablet":{"background-color":"var(--ast-global-color-5)","background-image":"","background-repeat":"repeat","background-position":"center center","background-size":"auto","background-attachment":"scroll","background-type":"","background-media":"","overlay-type":"","overlay-color":"","overlay-opacity":"","overlay-gradient":""},"mobile":{"background-color":"var(--ast-global-color-5)","background-image":"","background-repeat":"repeat","background-position":"center center","background-size":"auto","background-attachment":"scroll","background-type":"","background-media":"","overlay-type":"","overlay-color":"","overlay-opacity":"","overlay-gradient":""}},"footnotes":"","_expiration-date-status":"","_expiration-date":1773258839,"_expiration-date-type":"draft","_expiration-date-categories":[],"_expiration-date-options":[]},"categories":[5,10,1],"tags":[],"class_list":["post-24584","post","type-post","status-publish","format-standard","has-post-thumbnail","hentry","category-liitto-tiedottaa","category-maajoukkueet","category-yleinen"],"yoast_head":"<!-- This site is optimized with the Yoast SEO plugin v19.7.1 - https:\/\/yoast.com\/wordpress\/plugins\/seo\/ -->\n<title>P19-maajoukkueen MM-kisajoukkue valittu - Suomen J\u00e4\u00e4palloliitto<\/title>\n<meta name=\"robots\" content=\"index, follow, max-snippet:-1, max-image-preview:large, max-video-preview:-1\" \/>\n<link rel=\"canonical\" href=\"https:\/\/www.finbandy.fi\/fi\/p19-maajoukkueen-mm-kisajoukkue-valittu\/\" \/>\n<meta property=\"og:locale\" content=\"fi_FI\" \/>\n<meta property=\"og:type\" content=\"article\" \/>\n<meta property=\"og:title\" content=\"P19-maajoukkueen MM-kisajoukkue valittu - Suomen J\u00e4\u00e4palloliitto\" \/>\n<meta property=\"og:description\" content=\"Suomen P19-maajoukkueen valmentajat Tero Kumela ja Kimmo Huotelin ovat valinneet lopullisen joukkueen Ruotsin Uppsalassa 26-29.3.2026 pelattaviin ik\u00e4luokan MM-kisoihin. &#8211; Ilman muuta l\u00e4hdet\u00e4\u00e4n turnaukseen positiivisin mielin. Meill\u00e4 on koossa hyv\u00e4 ja urheilullinen ryhm\u00e4 t\u00e4ynn\u00e4 tulevaisuuden j\u00e4\u00e4pallolupauksia, sanoo Kimmo Huotelin. &#8211; Pieni haaste on j\u00e4\u00e4tuntuman yll\u00e4pit\u00e4minen nyt kun kelit l\u00e4mpeniv\u00e4t yll\u00e4tt\u00e4v\u00e4n nopeasti, mutta en n\u00e4e tuota suurena [&hellip;]\" \/>\n<meta property=\"og:url\" content=\"https:\/\/www.finbandy.fi\/fi\/p19-maajoukkueen-mm-kisajoukkue-valittu\/\" \/>\n<meta property=\"og:site_name\" content=\"Suomen J\u00e4\u00e4palloliitto\" \/>\n<meta property=\"article:published_time\" content=\"2026-03-11T19:55:09+00:00\" \/>\n<meta property=\"article:modified_time\" content=\"2026-03-11T19:55:11+00:00\" \/>\n<meta property=\"og:image\" content=\"https:\/\/www.finbandy.fi\/fi\/wp-content\/uploads\/2025\/10\/logga_YBWC2026.png\" \/>\n\t<meta property=\"og:image:width\" content=\"467\" \/>\n\t<meta property=\"og:image:height\" content=\"439\" \/>\n\t<meta property=\"og:image:type\" content=\"image\/png\" \/>\n<meta name=\"author\" content=\"Andreas Sj\u00f6blom\" \/>\n<meta name=\"twitter:card\" content=\"summary_large_image\" \/>\n<meta name=\"twitter:label1\" content=\"Kirjoittanut\" \/>\n\t<meta name=\"twitter:data1\" content=\"Andreas Sj\u00f6blom\" \/>\n\t<meta name=\"twitter:label2\" content=\"Arvioitu lukuaika\" \/>\n\t<meta name=\"twitter:data2\" content=\"2 minuuttia\" \/>\n<script type=\"application\/ld+json\" class=\"yoast-schema-graph\">{\"@context\":\"https:\/\/schema.org\",\"@graph\":[{\"@type\":\"WebPage\",\"@id\":\"https:\/\/www.finbandy.fi\/fi\/p19-maajoukkueen-mm-kisajoukkue-valittu\/\",\"url\":\"https:\/\/www.finbandy.fi\/fi\/p19-maajoukkueen-mm-kisajoukkue-valittu\/\",\"name\":\"P19-maajoukkueen MM-kisajoukkue valittu - Suomen J\u00e4\u00e4palloliitto\",\"isPartOf\":{\"@id\":\"https:\/\/www.finbandy.fi\/fi\/#website\"},\"datePublished\":\"2026-03-11T19:55:09+00:00\",\"dateModified\":\"2026-03-11T19:55:11+00:00\",\"author\":{\"@id\":\"https:\/\/www.finbandy.fi\/fi\/#\/schema\/person\/60be08507b06fd99f807e9e7fafbe922\"},\"breadcrumb\":{\"@id\":\"https:\/\/www.finbandy.fi\/fi\/p19-maajoukkueen-mm-kisajoukkue-valittu\/#breadcrumb\"},\"inLanguage\":\"fi\",\"potentialAction\":[{\"@type\":\"ReadAction\",\"target\":[\"https:\/\/www.finbandy.fi\/fi\/p19-maajoukkueen-mm-kisajoukkue-valittu\/\"]}]},{\"@type\":\"BreadcrumbList\",\"@id\":\"https:\/\/www.finbandy.fi\/fi\/p19-maajoukkueen-mm-kisajoukkue-valittu\/#breadcrumb\",\"itemListElement\":[{\"@type\":\"ListItem\",\"position\":1,\"name\":\"Etusivu\",\"item\":\"https:\/\/www.finbandy.fi\/fi\/\"},{\"@type\":\"ListItem\",\"position\":2,\"name\":\"P19-maajoukkueen MM-kisajoukkue valittu\"}]},{\"@type\":\"WebSite\",\"@id\":\"https:\/\/www.finbandy.fi\/fi\/#website\",\"url\":\"https:\/\/www.finbandy.fi\/fi\/\",\"name\":\"Suomen J\u00e4\u00e4palloliitto\",\"description\":\"\",\"potentialAction\":[{\"@type\":\"SearchAction\",\"target\":{\"@type\":\"EntryPoint\",\"urlTemplate\":\"https:\/\/www.finbandy.fi\/fi\/?s={search_term_string}\"},\"query-input\":\"required name=search_term_string\"}],\"inLanguage\":\"fi\"},{\"@type\":\"Person\",\"@id\":\"https:\/\/www.finbandy.fi\/fi\/#\/schema\/person\/60be08507b06fd99f807e9e7fafbe922\",\"name\":\"Andreas Sj\u00f6blom\",\"url\":\"https:\/\/www.finbandy.fi\/fi\/author\/andreas\/\"}]}<\/script>\n<!-- \/ Yoast SEO plugin. -->","yoast_head_json":{"title":"P19-maajoukkueen MM-kisajoukkue valittu - Suomen J\u00e4\u00e4palloliitto","robots":{"index":"index","follow":"follow","max-snippet":"max-snippet:-1","max-image-preview":"max-image-preview:large","max-video-preview":"max-video-preview:-1"},"canonical":"https:\/\/www.finbandy.fi\/fi\/p19-maajoukkueen-mm-kisajoukkue-valittu\/","og_locale":"fi_FI","og_type":"article","og_title":"P19-maajoukkueen MM-kisajoukkue valittu - Suomen J\u00e4\u00e4palloliitto","og_description":"Suomen P19-maajoukkueen valmentajat Tero Kumela ja Kimmo Huotelin ovat valinneet lopullisen joukkueen Ruotsin Uppsalassa 26-29.3.2026 pelattaviin ik\u00e4luokan MM-kisoihin. &#8211; Ilman muuta l\u00e4hdet\u00e4\u00e4n turnaukseen positiivisin mielin. Meill\u00e4 on koossa hyv\u00e4 ja urheilullinen ryhm\u00e4 t\u00e4ynn\u00e4 tulevaisuuden j\u00e4\u00e4pallolupauksia, sanoo Kimmo Huotelin. &#8211; Pieni haaste on j\u00e4\u00e4tuntuman yll\u00e4pit\u00e4minen nyt kun kelit l\u00e4mpeniv\u00e4t yll\u00e4tt\u00e4v\u00e4n nopeasti, mutta en n\u00e4e tuota suurena [&hellip;]","og_url":"https:\/\/www.finbandy.fi\/fi\/p19-maajoukkueen-mm-kisajoukkue-valittu\/","og_site_name":"Suomen J\u00e4\u00e4palloliitto","article_published_time":"2026-03-11T19:55:09+00:00","article_modified_time":"2026-03-11T19:55:11+00:00","og_image":[{"width":467,"height":439,"url":"https:\/\/www.finbandy.fi\/fi\/wp-content\/uploads\/2025\/10\/logga_YBWC2026.png","type":"image\/png"}],"author":"Andreas Sj\u00f6blom","twitter_card":"summary_large_image","twitter_misc":{"Kirjoittanut":"Andreas Sj\u00f6blom","Arvioitu lukuaika":"2 minuuttia"},"schema":{"@context":"https:\/\/schema.org","@graph":[{"@type":"WebPage","@id":"https:\/\/www.finbandy.fi\/fi\/p19-maajoukkueen-mm-kisajoukkue-valittu\/","url":"https:\/\/www.finbandy.fi\/fi\/p19-maajoukkueen-mm-kisajoukkue-valittu\/","name":"P19-maajoukkueen MM-kisajoukkue valittu - Suomen J\u00e4\u00e4palloliitto","isPartOf":{"@id":"https:\/\/www.finbandy.fi\/fi\/#website"},"datePublished":"2026-03-11T19:55:09+00:00","dateModified":"2026-03-11T19:55:11+00:00","author":{"@id":"https:\/\/www.finbandy.fi\/fi\/#\/schema\/person\/60be08507b06fd99f807e9e7fafbe922"},"breadcrumb":{"@id":"https:\/\/www.finbandy.fi\/fi\/p19-maajoukkueen-mm-kisajoukkue-valittu\/#breadcrumb"},"inLanguage":"fi","potentialAction":[{"@type":"ReadAction","target":["https:\/\/www.finbandy.fi\/fi\/p19-maajoukkueen-mm-kisajoukkue-valittu\/"]}]},{"@type":"BreadcrumbList","@id":"https:\/\/www.finbandy.fi\/fi\/p19-maajoukkueen-mm-kisajoukkue-valittu\/#breadcrumb","itemListElement":[{"@type":"ListItem","position":1,"name":"Etusivu","item":"https:\/\/www.finbandy.fi\/fi\/"},{"@type":"ListItem","position":2,"name":"P19-maajoukkueen MM-kisajoukkue valittu"}]},{"@type":"WebSite","@id":"https:\/\/www.finbandy.fi\/fi\/#website","url":"https:\/\/www.finbandy.fi\/fi\/","name":"Suomen J\u00e4\u00e4palloliitto","description":"","potentialAction":[{"@type":"SearchAction","target":{"@type":"EntryPoint","urlTemplate":"https:\/\/www.finbandy.fi\/fi\/?s={search_term_string}"},"query-input":"required name=search_term_string"}],"inLanguage":"fi"},{"@type":"Person","@id":"https:\/\/www.finbandy.fi\/fi\/#\/schema\/person\/60be08507b06fd99f807e9e7fafbe922","name":"Andreas Sj\u00f6blom","url":"https:\/\/www.finbandy.fi\/fi\/author\/andreas\/"}]}},"_links":{"self":[{"href":"https:\/\/www.finbandy.fi\/fi\/wp-json\/wp\/v2\/posts\/24584"}],"collection":[{"href":"https:\/\/www.finbandy.fi\/fi\/wp-json\/wp\/v2\/posts"}],"about":[{"href":"https:\/\/www.finbandy.fi\/fi\/wp-json\/wp\/v2\/types\/post"}],"author":[{"embeddable":true,"href":"https:\/\/www.finbandy.fi\/fi\/wp-json\/wp\/v2\/users\/21"}],"replies":[{"embeddable":true,"href":"https:\/\/www.finbandy.fi\/fi\/wp-json\/wp\/v2\/comments?post=24584"}],"version-history":[{"count":1,"href":"https:\/\/www.finbandy.fi\/fi\/wp-json\/wp\/v2\/posts\/24584\/revisions"}],"predecessor-version":[{"id":24585,"href":"https:\/\/www.finbandy.fi\/fi\/wp-json\/wp\/v2\/posts\/24584\/revisions\/24585"}],"wp:featuredmedia":[{"embeddable":true,"href":"https:\/\/www.finbandy.fi\/fi\/wp-json\/wp\/v2\/media\/23866"}],"wp:attachment":[{"href":"https:\/\/www.finbandy.fi\/fi\/wp-json\/wp\/v2\/media?parent=24584"}],"wp:term":[{"taxonomy":"category","embeddable":true,"href":"https:\/\/www.finbandy.fi\/fi\/wp-json\/wp\/v2\/categories?post=24584"},{"taxonomy":"post_tag","embeddable":true,"href":"https:\/\/www.finbandy.fi\/fi\/wp-json\/wp\/v2\/tags?post=24584"}],"curies":[{"name":"wp","href":"https:\/\/api.w.org\/{rel}","templated":true}]}}